{"id":267201,"date":"2022-12-23T12:07:53","date_gmt":"2022-12-23T10:07:53","guid":{"rendered":"http:\/\/107.6.182.27\/es\/?p=267201"},"modified":"2023-01-10T15:48:35","modified_gmt":"2023-01-10T13:48:35","slug":"tres-personas-mueren-por-bombardeo-ucraniano-contra-barrios-residenciales-de-donetsk","status":"publish","type":"post","link":"https:\/\/archive.sana.sy\/es\/?p=267201","title":{"rendered":"Tres personas mueren por bombardeo ucraniano contra barrios residenciales de Donetsk"},"content":{"rendered":"<p style=\"text-align: justify;\"><span style=\"color: #800000;\"><strong>Donetsk, 23 dic (SANA)<\/strong><\/span> Tres personas murieron por los bombardeos de las fuerzas de Kiev contra barrios residenciales de la Rep\u00fablica Popular de Donetsk, durante las \u00faltimas 24 horas.<\/p>\n<p style=\"text-align: justify;\">&#8220;Los militares ucranianos contin\u00faan su bombardeo contra el territorio de Donetsk y mataron en las recientes horas a tres civiles e hirieron a otros cuatro&#8221;, inform\u00f3 la agencia de noticias Novosti citando al Cuartel General de Defensa Regional de la Rep\u00fablica.<\/p>\n<p style=\"text-align: justify;\">A su vez, la Oficina de Representaci\u00f3n de Donetsk en el Centro Conjunto para el Monitoreo y Coordinaci\u00f3n de Casos Relacionados con los Cr\u00edmenes de Guerra de Ucrania indic\u00f3 que las fuerzas de Kiev dispararon cuatro proyectiles de 155 mm desde el distrito de Kievsky en Donetsk.<\/p>\n<p style=\"text-align: justify;\"><em><strong>fm\/ah<\/strong><\/em><\/p>\n","protected":false},"excerpt":{"rendered":"<p>Donetsk, 23 dic (SANA) Tres personas murieron por los bombardeos de las fuerzas de Kiev contra barrios residenciales de la Rep\u00fablica Popular de Donetsk, durante las \u00faltimas 24 horas. &#8220;Los militares ucranianos contin\u00faan su bombardeo contra el territorio de Donetsk y mataron en las recientes horas a tres civiles e hirieron a otros cuatro&#8221;, inform\u00f3 &hellip;<\/p>\n","protected":false},"author":30,"featured_media":267202,"comment_status":"closed","ping_status":"closed","sticky":false,"template":"","format":"standard","meta":{"footnotes":""},"categories":[456,20724],"tags":[],"class_list":["post-267201","post","type-post","status-publish","format-standard","has-post-thumbnail","","category-arabe-internacional-politica","category-minuto-a-minuto"],"_links":{"self":[{"href":"https:\/\/archive.sana.sy\/es\/index.php?rest_route=\/wp\/v2\/posts\/267201"}],"collection":[{"href":"https:\/\/archive.sana.sy\/es\/index.php?rest_route=\/wp\/v2\/posts"}],"about":[{"href":"https:\/\/archive.sana.sy\/es\/index.php?rest_route=\/wp\/v2\/types\/post"}],"author":[{"embeddable":true,"href":"https:\/\/archive.sana.sy\/es\/index.php?rest_route=\/wp\/v2\/users\/30"}],"replies":[{"embeddable":true,"href":"https:\/\/archive.sana.sy\/es\/index.php?rest_route=%2Fwp%2Fv2%2Fcomments&post=267201"}],"version-history":[{"count":0,"href":"https:\/\/archive.sana.sy\/es\/index.php?rest_route=\/wp\/v2\/posts\/267201\/revisions"}],"wp:featuredmedia":[{"embeddable":true,"href":"https:\/\/archive.sana.sy\/es\/index.php?rest_route=\/wp\/v2\/media\/267202"}],"wp:attachment":[{"href":"https:\/\/archive.sana.sy\/es\/index.php?rest_route=%2Fwp%2Fv2%2Fmedia&parent=267201"}],"wp:term":[{"taxonomy":"category","embeddable":true,"href":"https:\/\/archive.sana.sy\/es\/index.php?rest_route=%2Fwp%2Fv2%2Fcategories&post=267201"},{"taxonomy":"post_tag","embeddable":true,"href":"https:\/\/archive.sana.sy\/es\/index.php?rest_route=%2Fwp%2Fv2%2Ftags&post=267201"}],"curies":[{"name":"wp","href":"https:\/\/api.w.org\/{rel}","templated":true}]}}