{"id":26723,"date":"2015-07-16T15:03:42","date_gmt":"2015-07-16T12:03:42","guid":{"rendered":"http:\/\/sana.sy\/es\/?p=26723"},"modified":"2015-07-16T15:03:42","modified_gmt":"2015-07-16T12:03:42","slug":"fuerzas-iraquies-liberan-a-dos-zonas-en-anbar-y-eliminan-a-decenas-de-terroristas-del-ei","status":"publish","type":"post","link":"https:\/\/archive.sana.sy\/es\/?p=26723","title":{"rendered":"Fuerzas iraqu\u00edes liberan a dos zonas en Anbar y eliminan a decenas de terroristas del EI"},"content":{"rendered":"<div><span lang=\"ES-TRAD\" style=\"color: #ff0000\">Bagdad, SANA<\/span><\/div>\n<div><\/div>\n<div><span lang=\"ES-TRAD\">Como parte de sus operaciones continuas para liberara a las zonas de Irak de los terroristas, fuerzas conjuntas iraqu\u00edes han declarado la liberaci\u00f3n de dos zonas en la provincia de Anbar, y la destrucci\u00f3n de un convoy de terroristas cerca de la localidad de al-Qaem, cercana a la frontera sirio-iraqu\u00ed.<\/span><\/div>\n<div><\/div>\n<div><span lang=\"ES-TRAD\">Una fuente en la Comandancia de Operaciones conjuntas iraqu\u00edes dijo que &#8220;fuerzas del ej\u00e9rcito y de la polic\u00eda federal lograron liberar a la zona de la planta de hielo en la provincia de Anbar, despu\u00e9s de violentos combates que terminaron la eliminaci\u00f3n de ocho terroristas, entre ellos dos atacantes suicidas, adem\u00e1s de apoderarse de tres veh\u00edculos.<\/span><\/div>\n<div><\/div>\n<div><span lang=\"ES-TRAD\">La fuente agreg\u00f3 que las &#8220;fuerzas de elite lograron liberar a ocho poblados al norte de Faluya, donde fueron eliminados 25 terroristas&#8221;.<\/span><\/div>\n<div><\/div>\n<div><span lang=\"ES-TRAD\">En un contexto relacionado, el Ministerio del Interior iraqu\u00ed anunci\u00f3 la eliminaci\u00f3n de 76 terroristas de las pandillas del EI, incluyendo a tres cabecillas en tres ataques a\u00e9reos llevadas a cabo por la aviaci\u00f3n iraqu\u00ed en el oeste de Anbar.<\/span><\/div>\n<div><\/div>\n<div><span style=\"color: #00ccff\">Fady M., Hala B.<\/span><\/div>\n<div class=\"yj6qo ajU\">\n<div id=\":149\" class=\"ajR\"><img decoding=\"async\" class=\"ajT\" src=\"https:\/\/ssl.gstatic.com\/ui\/v1\/icons\/mail\/images\/cleardot.gif\" alt=\"\" \/><\/div>\n<\/div>\n","protected":false},"excerpt":{"rendered":"<p>Bagdad, SANA Como parte de sus operaciones continuas para liberara a las zonas de Irak de los terroristas, fuerzas conjuntas iraqu\u00edes han declarado la liberaci\u00f3n de dos zonas en la provincia de Anbar, y la destrucci\u00f3n de un convoy de terroristas cerca de la localidad de al-Qaem, cercana a la frontera sirio-iraqu\u00ed. Una fuente en &hellip;<\/p>\n","protected":false},"author":1,"featured_media":26724,"comment_status":"closed","ping_status":"closed","sticky":false,"template":"","format":"standard","meta":{"footnotes":""},"categories":[456,576],"tags":[6007],"class_list":["post-26723","post","type-post","status-publish","format-standard","has-post-thumbnail","","category-arabe-internacional-politica","category-noticias-politicas","tag-fuerzas-iraquies-liberan-a-dos-zonas-en-anbar-y-eliminan-a-decenas-de-terroristas-del-ei"],"_links":{"self":[{"href":"https:\/\/archive.sana.sy\/es\/index.php?rest_route=\/wp\/v2\/posts\/26723"}],"collection":[{"href":"https:\/\/archive.sana.sy\/es\/index.php?rest_route=\/wp\/v2\/posts"}],"about":[{"href":"https:\/\/archive.sana.sy\/es\/index.php?rest_route=\/wp\/v2\/types\/post"}],"author":[{"embeddable":true,"href":"https:\/\/archive.sana.sy\/es\/index.php?rest_route=\/wp\/v2\/users\/1"}],"replies":[{"embeddable":true,"href":"https:\/\/archive.sana.sy\/es\/index.php?rest_route=%2Fwp%2Fv2%2Fcomments&post=26723"}],"version-history":[{"count":0,"href":"https:\/\/archive.sana.sy\/es\/index.php?rest_route=\/wp\/v2\/posts\/26723\/revisions"}],"wp:featuredmedia":[{"embeddable":true,"href":"https:\/\/archive.sana.sy\/es\/index.php?rest_route=\/wp\/v2\/media\/26724"}],"wp:attachment":[{"href":"https:\/\/archive.sana.sy\/es\/index.php?rest_route=%2Fwp%2Fv2%2Fmedia&parent=26723"}],"wp:term":[{"taxonomy":"category","embeddable":true,"href":"https:\/\/archive.sana.sy\/es\/index.php?rest_route=%2Fwp%2Fv2%2Fcategories&post=26723"},{"taxonomy":"post_tag","embeddable":true,"href":"https:\/\/archive.sana.sy\/es\/index.php?rest_route=%2Fwp%2Fv2%2Ftags&post=26723"}],"curies":[{"name":"wp","href":"https:\/\/api.w.org\/{rel}","templated":true}]}}