{"id":267330,"date":"2022-12-24T09:23:45","date_gmt":"2022-12-24T07:23:45","guid":{"rendered":"http:\/\/107.6.182.27\/es\/?p=267330"},"modified":"2023-01-10T15:48:34","modified_gmt":"2023-01-10T13:48:34","slug":"canciller-chino-insta-a-ee-uu-que-preste-atencion-a-las-preocupaciones-legitimas-de-su-pais","status":"publish","type":"post","link":"https:\/\/archive.sana.sy\/es\/?p=267330","title":{"rendered":"Canciller chino insta a EE.UU. que preste atenci\u00f3n a las preocupaciones leg\u00edtimas de su pa\u00eds"},"content":{"rendered":"<p style=\"text-align: justify;\"><span style=\"color: #800000;\"><strong>Pek\u00edn, 24 dic (SANA)\u00a0<\/strong> <\/span>El ministro de Exteriores de China, Wang Yi, mantuvo, ayer viernes, una conversaci\u00f3n telef\u00f3nica con el secretario de Estado de EE.UU., Antony Blinken, por iniciativa de este \u00faltimo.<\/p>\n<p style=\"text-align: justify;\">Ambas partes abordaron la situaci\u00f3n actual de las relaciones bilaterales de ambas naciones.<\/p>\n<p style=\"text-align: justify;\">El canciller del pa\u00eds asi\u00e1tico se\u00f1al\u00f3 que Washington debe prestar atenci\u00f3n a las preocupaciones leg\u00edtimas de Pek\u00edn.<\/p>\n<p style=\"text-align: justify;\">sm<\/p>\n","protected":false},"excerpt":{"rendered":"<p>Pek\u00edn, 24 dic (SANA)\u00a0 El ministro de Exteriores de China, Wang Yi, mantuvo, ayer viernes, una conversaci\u00f3n telef\u00f3nica con el secretario de Estado de EE.UU., Antony Blinken, por iniciativa de este \u00faltimo. Ambas partes abordaron la situaci\u00f3n actual de las relaciones bilaterales de ambas naciones. El canciller del pa\u00eds asi\u00e1tico se\u00f1al\u00f3 que Washington debe prestar &hellip;<\/p>\n","protected":false},"author":39,"featured_media":267331,"comment_status":"closed","ping_status":"closed","sticky":false,"template":"","format":"standard","meta":{"footnotes":""},"categories":[597,456,20724,7541],"tags":[21683,4811,19923,21684],"class_list":["post-267330","post","type-post","status-publish","format-standard","has-post-thumbnail","","category-cinta-de-noticias","category-arabe-internacional-politica","category-minuto-a-minuto","category-ultimas-noticias","tag-canciller-chino","tag-ee-uu","tag-pekin","tag-preocupaciones"],"_links":{"self":[{"href":"https:\/\/archive.sana.sy\/es\/index.php?rest_route=\/wp\/v2\/posts\/267330"}],"collection":[{"href":"https:\/\/archive.sana.sy\/es\/index.php?rest_route=\/wp\/v2\/posts"}],"about":[{"href":"https:\/\/archive.sana.sy\/es\/index.php?rest_route=\/wp\/v2\/types\/post"}],"author":[{"embeddable":true,"href":"https:\/\/archive.sana.sy\/es\/index.php?rest_route=\/wp\/v2\/users\/39"}],"replies":[{"embeddable":true,"href":"https:\/\/archive.sana.sy\/es\/index.php?rest_route=%2Fwp%2Fv2%2Fcomments&post=267330"}],"version-history":[{"count":0,"href":"https:\/\/archive.sana.sy\/es\/index.php?rest_route=\/wp\/v2\/posts\/267330\/revisions"}],"wp:featuredmedia":[{"embeddable":true,"href":"https:\/\/archive.sana.sy\/es\/index.php?rest_route=\/wp\/v2\/media\/267331"}],"wp:attachment":[{"href":"https:\/\/archive.sana.sy\/es\/index.php?rest_route=%2Fwp%2Fv2%2Fmedia&parent=267330"}],"wp:term":[{"taxonomy":"category","embeddable":true,"href":"https:\/\/archive.sana.sy\/es\/index.php?rest_route=%2Fwp%2Fv2%2Fcategories&post=267330"},{"taxonomy":"post_tag","embeddable":true,"href":"https:\/\/archive.sana.sy\/es\/index.php?rest_route=%2Fwp%2Fv2%2Ftags&post=267330"}],"curies":[{"name":"wp","href":"https:\/\/api.w.org\/{rel}","templated":true}]}}