{"id":267336,"date":"2022-12-24T11:13:15","date_gmt":"2022-12-24T09:13:15","guid":{"rendered":"http:\/\/107.6.182.27\/es\/?p=267336"},"modified":"2023-01-10T15:48:33","modified_gmt":"2023-01-10T13:48:33","slug":"fuerzas-rusas-en-luhansk-detienen-a-un-miembro-del-batallon-ultranacionalista-ucraniano-azov-que-planeaba-actos-terroristas","status":"publish","type":"post","link":"https:\/\/archive.sana.sy\/es\/?p=267336","title":{"rendered":"Fuerzas rusas en Luhansk detienen a un miembro del batall\u00f3n ultranacionalista ucraniano Azov que planeaba actos terroristas"},"content":{"rendered":"<p style=\"text-align: justify;\"><span style=\"color: #800000;\"><strong>Mosc\u00fa, 24 dic (SANA)\u00a0<\/strong> <\/span>Las fuerzas rusas en la Rep\u00fablica Popular de Luhansk lograron detener a un combatiente del batall\u00f3n nazi ucraniano Azov, que planeaba llevar a cabo actos terroristas en el territorio de la Rep\u00fablica.<\/p>\n<p style=\"text-align: justify;\">\u201cComo resultado del trabajo de investigaci\u00f3n r\u00e1pida, la Inteligencia rusa detuvo a un excombatiente del referido batall\u00f3n ultranacionalista ucraniano, quien recopilaba informaciones sobre las ubicaciones de las unidades militares rusas, as\u00ed como de los empleados de las administraciones de las ciudades y regiones de Lugansk que fueron liberados en el marco de la operaci\u00f3n militar especial\u201d, seg\u00fan divulg\u00f3 la agencia Novosti citando a una fuente de seguridad rusa.<\/p>\n<p style=\"text-align: justify;\">La fuente se\u00f1al\u00f3 que el detenido resid\u00eda en el territorio de la Rep\u00fablica y planeaba organizar all\u00ed actos terroristas, y explic\u00f3 que durante su detenci\u00f3n se encontr\u00f3 un artefacto explosivo que conten\u00eda peque\u00f1as municiones met\u00e1licas y medios para accionarlo a distancia.<\/p>\n<p style=\"text-align: justify;\">sm<\/p>\n","protected":false},"excerpt":{"rendered":"<p>Mosc\u00fa, 24 dic (SANA)\u00a0 Las fuerzas rusas en la Rep\u00fablica Popular de Luhansk lograron detener a un combatiente del batall\u00f3n nazi ucraniano Azov, que planeaba llevar a cabo actos terroristas en el territorio de la Rep\u00fablica. \u201cComo resultado del trabajo de investigaci\u00f3n r\u00e1pida, la Inteligencia rusa detuvo a un excombatiente del referido batall\u00f3n ultranacionalista ucraniano, &hellip;<\/p>\n","protected":false},"author":39,"featured_media":267337,"comment_status":"closed","ping_status":"closed","sticky":false,"template":"","format":"standard","meta":{"footnotes":""},"categories":[597,456,20724,7541],"tags":[21686,20871,20683,21687],"class_list":["post-267336","post","type-post","status-publish","format-standard","has-post-thumbnail","","category-cinta-de-noticias","category-arabe-internacional-politica","category-minuto-a-minuto","category-ultimas-noticias","tag-azov","tag-fuerzas-rusas","tag-luhansk","tag-miembro"],"_links":{"self":[{"href":"https:\/\/archive.sana.sy\/es\/index.php?rest_route=\/wp\/v2\/posts\/267336"}],"collection":[{"href":"https:\/\/archive.sana.sy\/es\/index.php?rest_route=\/wp\/v2\/posts"}],"about":[{"href":"https:\/\/archive.sana.sy\/es\/index.php?rest_route=\/wp\/v2\/types\/post"}],"author":[{"embeddable":true,"href":"https:\/\/archive.sana.sy\/es\/index.php?rest_route=\/wp\/v2\/users\/39"}],"replies":[{"embeddable":true,"href":"https:\/\/archive.sana.sy\/es\/index.php?rest_route=%2Fwp%2Fv2%2Fcomments&post=267336"}],"version-history":[{"count":0,"href":"https:\/\/archive.sana.sy\/es\/index.php?rest_route=\/wp\/v2\/posts\/267336\/revisions"}],"wp:featuredmedia":[{"embeddable":true,"href":"https:\/\/archive.sana.sy\/es\/index.php?rest_route=\/wp\/v2\/media\/267337"}],"wp:attachment":[{"href":"https:\/\/archive.sana.sy\/es\/index.php?rest_route=%2Fwp%2Fv2%2Fmedia&parent=267336"}],"wp:term":[{"taxonomy":"category","embeddable":true,"href":"https:\/\/archive.sana.sy\/es\/index.php?rest_route=%2Fwp%2Fv2%2Fcategories&post=267336"},{"taxonomy":"post_tag","embeddable":true,"href":"https:\/\/archive.sana.sy\/es\/index.php?rest_route=%2Fwp%2Fv2%2Ftags&post=267336"}],"curies":[{"name":"wp","href":"https:\/\/api.w.org\/{rel}","templated":true}]}}