{"id":26736,"date":"2015-07-16T17:58:50","date_gmt":"2015-07-16T14:58:50","guid":{"rendered":"http:\/\/sana.sy\/es\/?p=26736"},"modified":"2023-01-09T14:09:58","modified_gmt":"2023-01-09T12:09:58","slug":"ministro-del-interior-realiza-una-gira-en-la-provincia-de-hama","status":"publish","type":"post","link":"https:\/\/archive.sana.sy\/es\/?p=26736","title":{"rendered":"Ministro del Interior realiza una gira en la provincia de Hama"},"content":{"rendered":"<p><span style=\"color: #800000\">Hama, SANA<\/span><\/p>\n<p>El ministro del Interior, general Mohamad al-Shaar se reuni\u00f3 este jueves con figuras pol\u00edticas, civiles, religiosas y econ\u00f3micas en el \u00e1rea de Salamiya en la provincia de Hama.<\/p>\n<p>El titular del Interior trasmiti\u00f3 saludos del presidente Bashar al-Assad a los habitantes del \u00e1rea de Salamiya, recalcando el papel de los ciudadanos en apoyar a las Fuerzas Armadas y la Seguridad Interna en su lucha contra el terrorismo.<\/p>\n<p>El Ministro del Interior se\u00f1al\u00f3 que \u00e9l quiere por esta reuni\u00f3n estar al tanto de los problemas y retos que sufren los residentes de Salamiya, destacando que estos mismos han demostrado a lo largo de la crisis siria su lealtad a la Patria y apoyo a las Fuerzas Armadas.<\/p>\n<p>El general al-Shaar asegur\u00f3 a los reunidos que la lucha aniterrorista continuar\u00e1 hasta restablecer la seguridad a todo el territorio sirio pese a los intentos de los factores de poder antisirias de brindar apoyo a los terroristas y atizar el conflicto en Siria.<\/p>\n<p><img loading=\"lazy\" decoding=\"async\" class=\"aligncenter size-medium wp-image-26737\" src=\"http:\/\/sana.sy\/es\/wp-content\/uploads\/2015\/07\/Shaar-gira-en-Hama-300x200.jpg\" alt=\"Shaar gira en Hama\" width=\"300\" height=\"200\" srcset=\"https:\/\/archive.sana.sy\/es\/wp-content\/uploads\/2015\/07\/Shaar-gira-en-Hama-300x200.jpg 300w, https:\/\/archive.sana.sy\/es\/wp-content\/uploads\/2015\/07\/Shaar-gira-en-Hama-150x100.jpg 150w, https:\/\/archive.sana.sy\/es\/wp-content\/uploads\/2015\/07\/Shaar-gira-en-Hama.jpg 500w\" sizes=\"(max-width: 300px) 100vw, 300px\" \/><\/p>\n<p>Los reunidos expresaron su rechazo a los intentos injerencistas en los asuntos de su pa\u00eds, y ratificaron su respaldo al ej\u00e9rcito sirio en su guerra librada contra el terrorismo y el extremismo.<\/p>\n<p>La reuni\u00f3n cont\u00f3 con la presencia del secretario del sucursal del partido \u00c1rabe Socialista de al-Baath en Hama, el Gobernador de Hama, el Jefe de la Polic\u00eda de la provincia y los miembros del Comit\u00e9 de Seguridad de la misma.<\/p>\n<p>A continuaci\u00f3n, el Ministro del Interior, acompa\u00f1ado por los miembros del Comit\u00e9 de Seguridad de Hama realiz\u00f3 una gira en la provincia para chequear la situaci\u00f3n de seguridad en la misma.<\/p>\n<p>El Ministro al-Shaar se entrevist\u00f3 tambi\u00e9n con los miembros del Comit\u00e9 de Paz Civil y Reconciliaci\u00f3n Nacional de Hama en la ciudad de Salamiya y debati\u00f3 con los mismos las v\u00edas capaces de allanar los obst\u00e1culos que afectan la estabilidad de esta ciudad, y garantizar la mejora de la situaci\u00f3n de sus habitantes.<\/p>\n<p>Lynn A.<\/p>\n","protected":false},"excerpt":{"rendered":"<p>Hama, SANA El ministro del Interior, general Mohamad al-Shaar se reuni\u00f3 este jueves con figuras pol\u00edticas, civiles, religiosas y econ\u00f3micas en el \u00e1rea de Salamiya en la provincia de Hama. El titular del Interior trasmiti\u00f3 saludos del presidente Bashar al-Assad a los habitantes del \u00e1rea de Salamiya, recalcando el papel de los ciudadanos en apoyar &hellip;<\/p>\n","protected":false},"author":24,"featured_media":26738,"comment_status":"closed","ping_status":"closed","sticky":false,"template":"","format":"standard","meta":{"footnotes":""},"categories":[477,476],"tags":[6011],"class_list":["post-26736","post","type-post","status-publish","format-standard","has-post-thumbnail","","category-noticias-edulcorantes","category-locales","tag-ministro-del-interior-realiza-una-gira-en-la-provincia-de-hama"],"_links":{"self":[{"href":"https:\/\/archive.sana.sy\/es\/index.php?rest_route=\/wp\/v2\/posts\/26736"}],"collection":[{"href":"https:\/\/archive.sana.sy\/es\/index.php?rest_route=\/wp\/v2\/posts"}],"about":[{"href":"https:\/\/archive.sana.sy\/es\/index.php?rest_route=\/wp\/v2\/types\/post"}],"author":[{"embeddable":true,"href":"https:\/\/archive.sana.sy\/es\/index.php?rest_route=\/wp\/v2\/users\/24"}],"replies":[{"embeddable":true,"href":"https:\/\/archive.sana.sy\/es\/index.php?rest_route=%2Fwp%2Fv2%2Fcomments&post=26736"}],"version-history":[{"count":0,"href":"https:\/\/archive.sana.sy\/es\/index.php?rest_route=\/wp\/v2\/posts\/26736\/revisions"}],"wp:featuredmedia":[{"embeddable":true,"href":"https:\/\/archive.sana.sy\/es\/index.php?rest_route=\/wp\/v2\/media\/26738"}],"wp:attachment":[{"href":"https:\/\/archive.sana.sy\/es\/index.php?rest_route=%2Fwp%2Fv2%2Fmedia&parent=26736"}],"wp:term":[{"taxonomy":"category","embeddable":true,"href":"https:\/\/archive.sana.sy\/es\/index.php?rest_route=%2Fwp%2Fv2%2Fcategories&post=26736"},{"taxonomy":"post_tag","embeddable":true,"href":"https:\/\/archive.sana.sy\/es\/index.php?rest_route=%2Fwp%2Fv2%2Ftags&post=26736"}],"curies":[{"name":"wp","href":"https:\/\/api.w.org\/{rel}","templated":true}]}}