{"id":26750,"date":"2015-07-16T19:14:22","date_gmt":"2015-07-16T16:14:22","guid":{"rendered":"http:\/\/sana.sy\/es\/?p=26750"},"modified":"2015-07-16T19:17:50","modified_gmt":"2015-07-16T16:17:50","slug":"presidente-del-parlamento-libanes-examina-con-el-embajador-sirio-la-situacion-en-la-region-y-siria","status":"publish","type":"post","link":"https:\/\/archive.sana.sy\/es\/?p=26750","title":{"rendered":"Presidente del Parlamento liban\u00e9s examina con el Embajador sirio la situaci\u00f3n en la regi\u00f3n y Siria"},"content":{"rendered":"<p><span style=\"color: #800000\">Beirut, SANA<\/span><\/p>\n<p>El presidente del Parlamento liban\u00e9s, Nabih al-Berri examin\u00f3 hoy el jueves con el embajador de Siria en el L\u00edbano, Ali Abdulkarim el impacto de la firma del acuerdo final entre Ir\u00e1n y el G5+1 sobre el expediente nuclear iran\u00ed.<\/p>\n<p>En declaraciones a la prensa, el Embajador sirio se\u00f1al\u00f3 que la reuni\u00f3n gir\u00f3 en torno a la situaci\u00f3n en la regi\u00f3n en general y en Siria en particular y el impacto del logro iran\u00ed sobre el desarrollo de la situaci\u00f3n en Oriente Medio.<\/p>\n<p>Abdulkarim revel\u00f3 que el Presidente del Parlamento liban\u00e9s expres\u00f3 durante la reuni\u00f3n su esperanza en que el alcance de este acuerdo contribuya a reforzar el eje que lucha contra el terrorismo que est\u00e1 amenazando a todas las partes, inclusive sus patrocinadores.<\/p>\n<p>El jefe de la misi\u00f3n diplom\u00e1tica siria en Beirut consider\u00f3 que el logro del pa\u00eds amigo de Ir\u00e1n es fruto de los esfuerzos de \u201caquellos que se aferraron a la justicia, soberan\u00eda y dignidad de los pueblos frente al terrorismo\u201d.<\/p>\n<p>Los avances logrados por el ej\u00e9rcito sirio y la Resistencia Libanesa contra las organizaciones terroristas, fue uno de los temas debatidos con al-Berri, agreg\u00f3 el alto diplom\u00e1tico sirio.<\/p>\n<p>&nbsp;<\/p>\n<p>Lynn A.<\/p>\n","protected":false},"excerpt":{"rendered":"<p>Beirut, SANA El presidente del Parlamento liban\u00e9s, Nabih al-Berri examin\u00f3 hoy el jueves con el embajador de Siria en el L\u00edbano, Ali Abdulkarim el impacto de la firma del acuerdo final entre Ir\u00e1n y el G5+1 sobre el expediente nuclear iran\u00ed. En declaraciones a la prensa, el Embajador sirio se\u00f1al\u00f3 que la reuni\u00f3n gir\u00f3 en &hellip;<\/p>\n","protected":false},"author":24,"featured_media":26751,"comment_status":"closed","ping_status":"closed","sticky":false,"template":"","format":"standard","meta":{"footnotes":""},"categories":[1],"tags":[6013],"class_list":["post-26750","post","type-post","status-publish","format-standard","has-post-thumbnail","","category-news-not-sorted","tag-presidente-del-parlamento-libanes-examina-con-el-embajador-sirio-la-situacion-en-la-region-y-siria"],"_links":{"self":[{"href":"https:\/\/archive.sana.sy\/es\/index.php?rest_route=\/wp\/v2\/posts\/26750"}],"collection":[{"href":"https:\/\/archive.sana.sy\/es\/index.php?rest_route=\/wp\/v2\/posts"}],"about":[{"href":"https:\/\/archive.sana.sy\/es\/index.php?rest_route=\/wp\/v2\/types\/post"}],"author":[{"embeddable":true,"href":"https:\/\/archive.sana.sy\/es\/index.php?rest_route=\/wp\/v2\/users\/24"}],"replies":[{"embeddable":true,"href":"https:\/\/archive.sana.sy\/es\/index.php?rest_route=%2Fwp%2Fv2%2Fcomments&post=26750"}],"version-history":[{"count":0,"href":"https:\/\/archive.sana.sy\/es\/index.php?rest_route=\/wp\/v2\/posts\/26750\/revisions"}],"wp:featuredmedia":[{"embeddable":true,"href":"https:\/\/archive.sana.sy\/es\/index.php?rest_route=\/wp\/v2\/media\/26751"}],"wp:attachment":[{"href":"https:\/\/archive.sana.sy\/es\/index.php?rest_route=%2Fwp%2Fv2%2Fmedia&parent=26750"}],"wp:term":[{"taxonomy":"category","embeddable":true,"href":"https:\/\/archive.sana.sy\/es\/index.php?rest_route=%2Fwp%2Fv2%2Fcategories&post=26750"},{"taxonomy":"post_tag","embeddable":true,"href":"https:\/\/archive.sana.sy\/es\/index.php?rest_route=%2Fwp%2Fv2%2Ftags&post=26750"}],"curies":[{"name":"wp","href":"https:\/\/api.w.org\/{rel}","templated":true}]}}