{"id":267594,"date":"2022-12-26T11:29:31","date_gmt":"2022-12-26T09:29:31","guid":{"rendered":"http:\/\/107.6.182.27\/es\/?p=267594"},"modified":"2022-12-26T11:29:31","modified_gmt":"2022-12-26T09:29:31","slug":"encargado-de-negocios-de-chile-en-siria-visita-la-emblematica-mezquita-omeya-de-damasco","status":"publish","type":"post","link":"https:\/\/archive.sana.sy\/es\/?p=267594","title":{"rendered":"Encargado de negocios de Chile en Siria visita la emblem\u00e1tica mezquita Omeya de Damasco"},"content":{"rendered":"<blockquote>\n<p style=\"text-align: justify;\"><span style=\"color: #000000;\"><em><strong>Una nota de la embajada enviada a la redacci\u00f3n de SANA en Espa\u00f1ol, indic\u00f3 que Brickle tambi\u00e9n se interioriz\u00f3 de c\u00f3mo antes de que se construyera la que es una de las cuatro mezquitas m\u00e1s importantes del mundo, el mismo emplazamiento acogi\u00f3 una iglesia cristiana consagrado a San Juan Bautista, cuyos restos alberga hasta hoy la mezquita Omeya.<\/strong><\/em><\/span><\/p>\n<p style=\"text-align: justify;\"><span style=\"color: #800000;\"><strong>Damasco, 26 dic (SANA)<\/strong><\/span> El encargado de negocios de la Embajada de Chile en Siria, Patricio Brickle, realiz\u00f3 una visita a la Gran Mezquita Omeya de Damasco, durante la cual fue recibido por Mohammed Taufiq Al-Bouti, el im\u00e1n de este lugar hist\u00f3rico musulm\u00e1n.<\/p>\n<p style=\"text-align: justify;\">Durante la visita, el diplom\u00e1tico de la naci\u00f3n sudamericana pudo conocer a trav\u00e9s del Al-Bouti la larga historia de esta emblem\u00e1tica mezquita ubicada en el centro de Damasco Viejo, as\u00ed como los detalles que la convierten en un monumento arquitect\u00f3nico mundial.<\/p>\n<p style=\"text-align: justify;\">Una nota de la embajada enviada a la redacci\u00f3n de SANA en Espa\u00f1ol, indic\u00f3 que Brickle tambi\u00e9n se interioriz\u00f3 de c\u00f3mo antes de que se construyera la que es una de las cuatro mezquitas m\u00e1s importantes del mundo, el mismo emplazamiento acogi\u00f3 una iglesia cristiana consagrado a San Juan Bautista, cuyos restos alberga hasta hoy la mezquita Omeya.<\/p>\n<p style=\"text-align: justify;\">A trav\u00e9s de esos detalles hist\u00f3ricos o de la proximidad de la mezquita con los patriarcados Ortodoxo, Siriaco y Melquita y sus principales templos en Damasco, el im\u00e1n Al-Bouti detall\u00f3 al diplom\u00e1tico chileno el arraigado car\u00e1cter multiconfesional de la sociedad siria. De ello ya le hab\u00edan informado otros dignatarios a los que ha tenido la oportunidad de conocer el representante de un pa\u00eds con una importante colectividad de emigrantes sirios y sus descendientes.<\/p>\n<p style=\"text-align: justify;\">El hijo del prestigioso ulema Mohammed Said Ramad\u00e1n al Bouti explic\u00f3 las circunstancias en las que fue asesinado su padre en 2013 y c\u00f3mo por decisi\u00f3n del Presidente Bashar al Asad est\u00e1 enterrado junto a Saladino en el mausoleo que forma parte del complejo de la mezquita Omeya de Damasco, estudiado por arquitectos de todo el mundo.<\/p>\n<p style=\"text-align: justify;\">Cabe recordar que la Embajada de Chile ha realizado con la Universidad de Damasco y otras instituciones numerosas actividades relacionadas con la arquitectura y su estudio. En ese marco tambi\u00e9n se ha desarrollado la visita de su representante a la mezquita Omeya.<\/p>\n<p style=\"text-align: justify;\">fm\/as<\/p>\n<p><img loading=\"lazy\" decoding=\"async\" class=\"alignnone size-medium wp-image-267595\" src=\"http:\/\/107.6.182.27\/es\/wp-content\/uploads\/2022\/12\/\u00b4\u00b4\u00b4\u00b4\u00b4\u00b4\u00b4\u00b4\u00b4\u00b4-135x300.jpg\" alt=\"\" width=\"135\" height=\"300\" srcset=\"https:\/\/archive.sana.sy\/es\/wp-content\/uploads\/2022\/12\/\u00b4\u00b4\u00b4\u00b4\u00b4\u00b4\u00b4\u00b4\u00b4\u00b4-135x300.jpg 135w, https:\/\/archive.sana.sy\/es\/wp-content\/uploads\/2022\/12\/\u00b4\u00b4\u00b4\u00b4\u00b4\u00b4\u00b4\u00b4\u00b4\u00b4-68x150.jpg 68w, https:\/\/archive.sana.sy\/es\/wp-content\/uploads\/2022\/12\/\u00b4\u00b4\u00b4\u00b4\u00b4\u00b4\u00b4\u00b4\u00b4\u00b4.jpg 454w\" sizes=\"(max-width: 135px) 100vw, 135px\" \/><\/p><\/blockquote>\n","protected":false},"excerpt":{"rendered":"<p>Una nota de la embajada enviada a la redacci\u00f3n de SANA en Espa\u00f1ol, indic\u00f3 que Brickle tambi\u00e9n se interioriz\u00f3 de c\u00f3mo antes de que se construyera la que es una de las cuatro mezquitas m\u00e1s importantes del mundo, el mismo emplazamiento acogi\u00f3 una iglesia cristiana consagrado a San Juan Bautista, cuyos restos alberga hasta hoy &hellip;<\/p>\n","protected":false},"author":42,"featured_media":267596,"comment_status":"closed","ping_status":"closed","sticky":false,"template":"","format":"standard","meta":{"footnotes":""},"categories":[597,20724,467,7541],"tags":[],"class_list":["post-267594","post","type-post","status-publish","format-standard","has-post-thumbnail","","category-cinta-de-noticias","category-minuto-a-minuto","category-siria-y-el-mundo","category-ultimas-noticias"],"_links":{"self":[{"href":"https:\/\/archive.sana.sy\/es\/index.php?rest_route=\/wp\/v2\/posts\/267594"}],"collection":[{"href":"https:\/\/archive.sana.sy\/es\/index.php?rest_route=\/wp\/v2\/posts"}],"about":[{"href":"https:\/\/archive.sana.sy\/es\/index.php?rest_route=\/wp\/v2\/types\/post"}],"author":[{"embeddable":true,"href":"https:\/\/archive.sana.sy\/es\/index.php?rest_route=\/wp\/v2\/users\/42"}],"replies":[{"embeddable":true,"href":"https:\/\/archive.sana.sy\/es\/index.php?rest_route=%2Fwp%2Fv2%2Fcomments&post=267594"}],"version-history":[{"count":0,"href":"https:\/\/archive.sana.sy\/es\/index.php?rest_route=\/wp\/v2\/posts\/267594\/revisions"}],"wp:featuredmedia":[{"embeddable":true,"href":"https:\/\/archive.sana.sy\/es\/index.php?rest_route=\/wp\/v2\/media\/267596"}],"wp:attachment":[{"href":"https:\/\/archive.sana.sy\/es\/index.php?rest_route=%2Fwp%2Fv2%2Fmedia&parent=267594"}],"wp:term":[{"taxonomy":"category","embeddable":true,"href":"https:\/\/archive.sana.sy\/es\/index.php?rest_route=%2Fwp%2Fv2%2Fcategories&post=267594"},{"taxonomy":"post_tag","embeddable":true,"href":"https:\/\/archive.sana.sy\/es\/index.php?rest_route=%2Fwp%2Fv2%2Ftags&post=267594"}],"curies":[{"name":"wp","href":"https:\/\/api.w.org\/{rel}","templated":true}]}}