{"id":267601,"date":"2022-12-26T11:58:47","date_gmt":"2022-12-26T09:58:47","guid":{"rendered":"http:\/\/107.6.182.27\/es\/?p=267601"},"modified":"2023-01-10T15:48:29","modified_gmt":"2023-01-10T13:48:29","slug":"lavrov-occidente-ha-perdido-su-credibilidad-como-socio-economico-y-politico","status":"publish","type":"post","link":"https:\/\/archive.sana.sy\/es\/?p=267601","title":{"rendered":"Lavrov: Occidente ha perdido su credibilidad como socio econ\u00f3mico y pol\u00edtico"},"content":{"rendered":"<p style=\"text-align: justify;\"><span style=\"color: #800000;\"><strong>Mosc\u00fa, 26 dic (SANA)<\/strong><\/span> El ministro de Relaciones Exteriores de Rusia, Sergei Lavrov, afirm\u00f3 hoy que Washington est\u00e1 presionando al mundo para que adopte una postura hostil hacia Rusia.<\/p>\n<p style=\"text-align: justify;\">\u201cOccidente ha perdido su credibilidad como socio en las relaciones econ\u00f3micas y pol\u00edticas\u201d, dijo el Canciller a varios medios de prensa rusos.<\/p>\n<p style=\"text-align: justify;\">Agreg\u00f3 que Mosc\u00fa no depender\u00e1 de Occidente y har\u00e1 todo lo que est\u00e9 a su alcance para lograr su independencia\u201d<br \/>\nNota en desarrollo\u2026<\/p>\n<p style=\"text-align: justify;\">fm\/as<\/p>\n","protected":false},"excerpt":{"rendered":"<p>Mosc\u00fa, 26 dic (SANA) El ministro de Relaciones Exteriores de Rusia, Sergei Lavrov, afirm\u00f3 hoy que Washington est\u00e1 presionando al mundo para que adopte una postura hostil hacia Rusia. \u201cOccidente ha perdido su credibilidad como socio en las relaciones econ\u00f3micas y pol\u00edticas\u201d, dijo el Canciller a varios medios de prensa rusos. Agreg\u00f3 que Mosc\u00fa no &hellip;<\/p>\n","protected":false},"author":42,"featured_media":267602,"comment_status":"closed","ping_status":"closed","sticky":false,"template":"","format":"standard","meta":{"footnotes":""},"categories":[597,456,20724,7541],"tags":[],"class_list":["post-267601","post","type-post","status-publish","format-standard","has-post-thumbnail","","category-cinta-de-noticias","category-arabe-internacional-politica","category-minuto-a-minuto","category-ultimas-noticias"],"_links":{"self":[{"href":"https:\/\/archive.sana.sy\/es\/index.php?rest_route=\/wp\/v2\/posts\/267601"}],"collection":[{"href":"https:\/\/archive.sana.sy\/es\/index.php?rest_route=\/wp\/v2\/posts"}],"about":[{"href":"https:\/\/archive.sana.sy\/es\/index.php?rest_route=\/wp\/v2\/types\/post"}],"author":[{"embeddable":true,"href":"https:\/\/archive.sana.sy\/es\/index.php?rest_route=\/wp\/v2\/users\/42"}],"replies":[{"embeddable":true,"href":"https:\/\/archive.sana.sy\/es\/index.php?rest_route=%2Fwp%2Fv2%2Fcomments&post=267601"}],"version-history":[{"count":0,"href":"https:\/\/archive.sana.sy\/es\/index.php?rest_route=\/wp\/v2\/posts\/267601\/revisions"}],"wp:featuredmedia":[{"embeddable":true,"href":"https:\/\/archive.sana.sy\/es\/index.php?rest_route=\/wp\/v2\/media\/267602"}],"wp:attachment":[{"href":"https:\/\/archive.sana.sy\/es\/index.php?rest_route=%2Fwp%2Fv2%2Fmedia&parent=267601"}],"wp:term":[{"taxonomy":"category","embeddable":true,"href":"https:\/\/archive.sana.sy\/es\/index.php?rest_route=%2Fwp%2Fv2%2Fcategories&post=267601"},{"taxonomy":"post_tag","embeddable":true,"href":"https:\/\/archive.sana.sy\/es\/index.php?rest_route=%2Fwp%2Fv2%2Ftags&post=267601"}],"curies":[{"name":"wp","href":"https:\/\/api.w.org\/{rel}","templated":true}]}}