{"id":267605,"date":"2022-12-26T12:07:41","date_gmt":"2022-12-26T10:07:41","guid":{"rendered":"http:\/\/107.6.182.27\/es\/?p=267605"},"modified":"2022-12-26T12:58:52","modified_gmt":"2022-12-26T10:58:52","slug":"reportan-mas-protestas-contra-la-milicia-separatista-fds-lacaya-de-estados-unidos","status":"publish","type":"post","link":"https:\/\/archive.sana.sy\/es\/?p=267605","title":{"rendered":"Reportan m\u00e1s protestas contra la milicia separatista FDS, lacaya de Estados Unidos"},"content":{"rendered":"<p><span style=\"color: #800000;\"><strong>Deir Ezzor, 26 dic (SANA)<\/strong> <\/span>Los pobladores en las zonas rurales de la provincia oriental de Deir Ezzor contin\u00faan sus protestas contra las llamadas Fuerzas Democ5r\u00e1ticas de Siria (FDS), una milicia separatista apoyada por Washington.<\/p>\n<p>Las manifestaciones que contin\u00faan por sexto d\u00eda consecutivo exigen la expulsi\u00f3n de la referida milicia y de las fuerzas de ocupaci\u00f3n estadounidenses.<\/p>\n<p>Activistas civiles comunicaron a SANA que los residentes de las localidades de Al-Hawaij, Al-Kasra, Al-Hussan y Qasiba bloquearon las carreteras con neum\u00e1ticos quemados y coreando consignas que piden la expulsi\u00f3n de la milicia y de los militares del Pent\u00e1gono.<\/p>\n<p>Denunciaron al comandante del Consejo Militar en Deir Ezzor despu\u00e9s que grupos armados afiliados al mismo, adem\u00e1s de sus parientes y familiares, violaran y mataran a dos mujeres desplazadas hace varios d\u00edas.<\/p>\n<p>fm\/as<\/p>\n","protected":false},"excerpt":{"rendered":"<p>Deir Ezzor, 26 dic (SANA) Los pobladores en las zonas rurales de la provincia oriental de Deir Ezzor contin\u00faan sus protestas contra las llamadas Fuerzas Democ5r\u00e1ticas de Siria (FDS), una milicia separatista apoyada por Washington. Las manifestaciones que contin\u00faan por sexto d\u00eda consecutivo exigen la expulsi\u00f3n de la referida milicia y de las fuerzas de &hellip;<\/p>\n","protected":false},"author":42,"featured_media":267606,"comment_status":"closed","ping_status":"closed","sticky":false,"template":"","format":"standard","meta":{"footnotes":""},"categories":[597,573,20724,583],"tags":[],"class_list":["post-267605","post","type-post","status-publish","format-standard","has-post-thumbnail","","category-cinta-de-noticias","category-la-realidad-de-los-acontecimientos-en-siria","category-minuto-a-minuto","category-slide"],"_links":{"self":[{"href":"https:\/\/archive.sana.sy\/es\/index.php?rest_route=\/wp\/v2\/posts\/267605"}],"collection":[{"href":"https:\/\/archive.sana.sy\/es\/index.php?rest_route=\/wp\/v2\/posts"}],"about":[{"href":"https:\/\/archive.sana.sy\/es\/index.php?rest_route=\/wp\/v2\/types\/post"}],"author":[{"embeddable":true,"href":"https:\/\/archive.sana.sy\/es\/index.php?rest_route=\/wp\/v2\/users\/42"}],"replies":[{"embeddable":true,"href":"https:\/\/archive.sana.sy\/es\/index.php?rest_route=%2Fwp%2Fv2%2Fcomments&post=267605"}],"version-history":[{"count":0,"href":"https:\/\/archive.sana.sy\/es\/index.php?rest_route=\/wp\/v2\/posts\/267605\/revisions"}],"wp:featuredmedia":[{"embeddable":true,"href":"https:\/\/archive.sana.sy\/es\/index.php?rest_route=\/wp\/v2\/media\/267606"}],"wp:attachment":[{"href":"https:\/\/archive.sana.sy\/es\/index.php?rest_route=%2Fwp%2Fv2%2Fmedia&parent=267605"}],"wp:term":[{"taxonomy":"category","embeddable":true,"href":"https:\/\/archive.sana.sy\/es\/index.php?rest_route=%2Fwp%2Fv2%2Fcategories&post=267605"},{"taxonomy":"post_tag","embeddable":true,"href":"https:\/\/archive.sana.sy\/es\/index.php?rest_route=%2Fwp%2Fv2%2Ftags&post=267605"}],"curies":[{"name":"wp","href":"https:\/\/api.w.org\/{rel}","templated":true}]}}