{"id":267675,"date":"2022-12-26T19:50:41","date_gmt":"2022-12-26T17:50:41","guid":{"rendered":"http:\/\/107.6.182.27\/es\/?p=267675"},"modified":"2023-01-10T15:48:27","modified_gmt":"2023-01-10T13:48:27","slug":"occidente-no-consiguio-asfixiarnos-con-sanciones-medvedev-resume-el-2022-para-rusia","status":"publish","type":"post","link":"https:\/\/archive.sana.sy\/es\/?p=267675","title":{"rendered":"&#8220;Occidente no consigui\u00f3 asfixiarnos con sanciones&#8221;: Medv\u00e9dev resume el 2022 para Rusia"},"content":{"rendered":"<p style=\"text-align: justify;\">La operaci\u00f3n especial en Ucrania y las relaciones de Mosc\u00fa con los pa\u00edses occidentales centraron el resumen anual del expresidente de Rusia y vicepresidente del Consejo de Seguridad del Estado, Dmitri Medv\u00e9dev. Subray\u00f3 que el 2022, &#8220;en el umbral de una nueva era&#8221;, era &#8220;desafiante, formidable y dram\u00e1tico&#8221;.<\/p>\n<p style=\"text-align: justify;\">En opini\u00f3n de Dmitri Medv\u00e9dev, el mundo experimenta &#8220;cambios radicales en todo&#8221; desde la alineaci\u00f3n de los centros de poder mundial hasta el modo de vida cotidiano de muchas personas. As\u00ed, el pol\u00edtico ruso empez\u00f3 a resumir los resultados del a\u00f1o saliente 2022 en un art\u00edculo para el peri\u00f3dico oficial Rossiskaya Gazeta.<\/p>\n<p style=\"text-align: justify;\"><strong>1. &#8220;El nazismo est\u00e1 cerca, pero no pasar\u00e1&#8221;.<\/strong><\/p>\n<p style=\"text-align: justify;\">Medv\u00e9dev record\u00f3 que desde febrero est\u00e1 en marcha una operaci\u00f3n especial rusa en Ucrania y entre los objetivos de esta se encuentran: la &#8220;desnazificaci\u00f3n del repugnante y casi fascista r\u00e9gimen de Kiev. La desmilitarizaci\u00f3n completa del Estado ucraniano y garant\u00edas [para Rusia] contra la agresi\u00f3n en el futuro&#8221;.<\/p>\n<p style=\"text-align: justify;\">En sus palabras, la decisi\u00f3n de llevar a cabo la operaci\u00f3n especial fue tomada bajo la presi\u00f3n de las circunstancias, ya que se trataba de la &#8220;supervivencia&#8221; de Rusia.<\/p>\n<p style=\"text-align: justify;\">&#8220;Esto ya qued\u00f3 patente a finales de 2021, cuando la Alianza del Atl\u00e1ntico Norte se neg\u00f3 a dar garant\u00edas de la no adhesi\u00f3n de Ucrania a la OTAN. Y los narc\u00f3manos ucranianos anunciaron su deseo de reactivar el arsenal nuclear&#8221;, opin\u00f3 Medv\u00e9dev.<\/p>\n<p style=\"text-align: justify;\">Agreg\u00f3 que Occidente ha &#8220;olvidado por completo&#8221; las lecciones de la Segunda Guerra Mundial. As\u00ed, el neonazismo encontr\u00f3 apoyo incluso en pa\u00edses que siempre declararon su rechazo a la ideolog\u00eda de Hitler, cuya memoria hist\u00f3rica est\u00e1 llena de dolor, verg\u00fcenza e ira. Adem\u00e1s, se\u00f1al\u00f3 que Rusia &#8220;no pod\u00eda contemplar tranquilamente c\u00f3mo el odioso r\u00e9gimen ultranacionalista pretend\u00eda derribar no solo a Rusia, sino a todo el mundo ruso&#8221;.<\/p>\n<p style=\"text-align: justify;\">&#8220;Haremos todos los esfuerzos necesarios para garantizar que se alcancen todos los objetivos de la operaci\u00f3n militar especial. Y el repugnante r\u00e9gimen de los ultranacionalistas de Kiev dejar\u00e1 de existir. Nadie m\u00e1s que nosotros puede hacer frente hoy a esta misi\u00f3n&#8221;, afirm\u00f3.<\/p>\n<p style=\"text-align: justify;\"><strong>2. &#8220;Las relaciones normales con Occidente pueden quedar en el olvido&#8221;<\/strong><\/p>\n<p style=\"text-align: justify;\">El expresidente de Rusia cree que los acontecimientos de 2022 anularon la posibilidad de un di\u00e1logo confiado y respetuoso con los representantes de Occidente.<\/p>\n<p style=\"text-align: justify;\">&#8220;Lo \u00fanico que nos queda es la perplejidad remilgada. \u00bfEn serio estas personas se consideran l\u00edderes mundiales, pretenden ser algo global, sue\u00f1an con dictar su voluntad a los dem\u00e1s?&#8221;, cuestion\u00f3.<\/p>\n<p style=\"text-align: justify;\">El pol\u00edtico record\u00f3 las palabras de la excanciller alemana Angela Merkel sobre los Acuerdos de Minsk firmados en 2014 para fundamentar su postura. Anteriormente, ella hab\u00eda declarado que los documentos fueron firmados para &#8220;dar tiempo a Ucrania a fortalecerse&#8221; y no para intentar alcanzar la paz, como se hab\u00eda anunciado.<\/p>\n<p style=\"text-align: justify;\">&#8220;Es decir, fueron concebidos originalmente para preparar una guerra sangrienta&#8221;, se\u00f1al\u00f3 Dmitri Medv\u00e9dev.<\/p>\n<p style=\"text-align: justify;\">El pol\u00edtico ruso resumi\u00f3 que durante a\u00f1os, tal vez d\u00e9cadas, las relaciones normales con Occidente pueden quedar en el olvid, y \u00e9sta decisi\u00f3n no es la elecci\u00f3n de Mosc\u00fa.<\/p>\n<p style=\"text-align: justify;\"><strong>3. &#8220;La epidemia de rusofobia requiere un tratamiento en\u00e9rgico&#8221;<\/strong><\/p>\n<p style=\"text-align: justify;\">El expresidente de Rusia compar\u00f3 la rusofobia con una &#8220;mala enfermedad contagiosa&#8221;. En su opini\u00f3n, este fen\u00f3meno se intensific\u00f3 porque &#8220;era necesario resucitar al enemigo principal para no ser responsables de nuestros propios errores evidentes&#8221; en pol\u00edtica, econom\u00eda y las relaciones con otros pa\u00edses.<\/p>\n<p style=\"text-align: justify;\">&#8220;Al servicio de sus amos y en su propia mente d\u00e9bil, el r\u00e9gimen de Kiev busca desesperadamente prohibir no solo cualquier contacto de sus ciudadanos y empresas con Rusia. Pero tambi\u00e9n cualquier esp\u00edritu ruso, la cultura rusa e incluso la que se convirti\u00f3 con raz\u00f3n en un cl\u00e1sico mundial&#8221;, explic\u00f3 Medv\u00e9dev a tiempo de recordar el cambio de nombre de calles y la demolici\u00f3n de monumentos a figuras culturales rusas.<\/p>\n<p style=\"text-align: justify;\"><strong>4. &#8220;Occidente se meti\u00f3 en una jaula&#8221;<\/strong><\/p>\n<p style=\"text-align: justify;\">&#8220;Se produce un colapso ideol\u00f3gico y filos\u00f3fico global de la cosmovisi\u00f3n occidental, de su modelo de orden mundial. En la realidad actual esto es especialmente tangible&#8221;, enfatiz\u00f3.<\/p>\n<p style=\"text-align: justify;\">El vicepresidente del Consejo de Seguridad asegur\u00f3 que los pa\u00edses occidentales se est\u00e1n &#8220;encerrando con muros&#8221;, convirti\u00e9ndose en una &#8220;fortaleza sitiada&#8221;.<\/p>\n<p style=\"text-align: justify;\">&#8220;Occidente se enjaula a s\u00ed mismo, mientras el resto del mundo vive pac\u00edficamente en libertad. Que le vaya bien. Que viva en una reserva&#8221;, indic\u00f3.<\/p>\n<p style=\"text-align: justify;\">Medv\u00e9dev cree que solo se puede compadecer a los europeos de a pie, que tienen que pagar facturas extremadamente altas por los servicios p\u00fablicos o combustible, acoger a los refugiados de Ucrania y darles puestos de trabajo.<\/p>\n<p style=\"text-align: justify;\"><strong>5. &#8220;Todav\u00eda no hay apocalipsis&#8221;<\/strong><\/p>\n<p style=\"text-align: justify;\">En sus palabras, &#8220;no estamos luchando contra el pueblo ucraniano, sino contra la escoria neonazi de Kiev que tom\u00f3 el poder como resultado de un golpe de Estado&#8221;.<\/p>\n<p style=\"text-align: justify;\">&#8220;Nuestros enemigos, al mismo tiempo, no escatiman fondos. En su conciencia [aunque esta palabra apenas se aplica a ellos] hay miles de hogares destruidos, vidas arruinadas, refugiados y personas indigentes&#8221;, afirm\u00f3 al agregar que &#8220;las negociaciones con los actuales dirigentes t\u00edteres de Ucrania se volvieron absolutamente in\u00fatiles el a\u00f1o pasado&#8221;.<\/p>\n<p style=\"text-align: justify;\">Dmitri Medv\u00e9dev no duda que &#8220;lo \u00fanico que detiene hoy a nuestros enemigos es la comprensi\u00f3n de que el pa\u00eds euroasi\u00e1tico se guiar\u00e1 por los Fundamentos de la pol\u00edtica estatal rusa de disuasi\u00f3n nuclear&#8221; y los utilizar\u00e1 en caso de una &#8220;amenaza real&#8221;.<\/p>\n<p style=\"text-align: justify;\">&#8220;El problema es que, en tal caso, nadie podr\u00e1 averiguar despu\u00e9s si fue un ataque de represalia o preventivo&#8221;, coment\u00f3.<\/p>\n<p style=\"text-align: justify;\">El expresidente ruso tambi\u00e9n indic\u00f3 que los nuevos acuerdos de desarme son poco realistas e innecesarios en este momento.<\/p>\n<p style=\"text-align: justify;\">&#8220;Cuanto antes consigamos garant\u00edas de m\u00e1xima seguridad que se adapten a nuestro pa\u00eds, antes se normalizar\u00e1 la situaci\u00f3n. Si no los conseguimos, las tensiones persistir\u00e1n indefinidamente&#8221;, explic\u00f3.<\/p>\n<p style=\"text-align: justify;\"><strong>6. &#8220;Rusia no est\u00e1 sobreviviendo, sino viviendo&#8221;<\/strong><\/p>\n<p style=\"text-align: justify;\">Medv\u00e9dev destac\u00f3 que los Estados occidentales no consiguieron &#8220;desconectarnos y aislarnos&#8221; de la infraestructura mundial con prohibiciones y restricciones. Rusia consigui\u00f3 mantener el equilibrio del mercado de divisas y minimizar los riesgos que corr\u00eda.<\/p>\n<p style=\"text-align: justify;\">A\u00f1adi\u00f3 que durante este tiempo el pa\u00eds hab\u00eda experimentado enormes cambios en su econom\u00eda y, lo que es m\u00e1s importante, en la mentalidad de un gran n\u00famero de ciudadanos. En su opini\u00f3n, todo depende de &#8220;la unidad, el patriotismo y la confianza en la victoria, la madurez de pensamiento y la firmeza de esp\u00edritu&#8221; de los rusos. El pol\u00edtico destac\u00f3 que el proceso de maduraci\u00f3n de la sociedad est\u00e1 en marcha.<\/p>\n<p style=\"text-align: justify;\">&#8220;Por supuesto, no todo el mundo ten\u00eda tiempo a\u00fan de darse cuenta de lo mucho que han cambiado nuestras vidas, de cu\u00e1les ser\u00e1n los principales objetivos durante muchos a\u00f1os. Hay obuses que estallan en la zona de combate y algunos piensan que no es asunto suyo&#8221;, subray\u00f3.<\/p>\n<p style=\"text-align: justify;\">Medv\u00e9dev cree que este a\u00f1o forz\u00f3 a la sociedad a movilizarse en el pleno sentido de la palabra. Destac\u00f3 a los voluntarios, soldados y oficiales, pero tambi\u00e9n resalt\u00f3 la movilizaci\u00f3n parcial de un orden diferente, superior, cuando &#8220;el pa\u00eds fue capaz de unirse en pocos meses y alcanzar un nuevo nivel de conciencia c\u00edvica&#8221;.<\/p>\n<p style=\"text-align: justify;\">&#8220;El a\u00f1o 2022 cambi\u00f3 mucho en nosotros. Nos oblig\u00f3 a definir nuestros pensamientos y sentimientos. Nos ense\u00f1\u00f3 a distinguir lo secundario de lo realmente importante. Y a apreciar las cosas que son m\u00e1s importantes para todos nosotros. Coraje. Misericordia. Asistencia mutua. Memoria hist\u00f3rica y familiar. Lealtad al deber y a la tradici\u00f3n. Justicia. La verdad. Conciencia&#8221;, resumi\u00f3.<\/p>\n<p style=\"text-align: justify;\">Para concluir, el expresidente asegur\u00f3 que Rusia siempre defiende sus derechos y libertades, su lengua y su cultura, su fe y sus esperanzas. Los enemigos, los que desesperada e irremediablemente &#8220;siguen librando una guerra h\u00edbrida contra nosotros, tratando de presionarnos e intimidarnos, lo entienden muy bien&#8221;.<\/p>\n<p style=\"text-align: justify;\"><span style=\"color: #0000ff;\"><strong>Fuente : Sputnik<\/strong><\/span><\/p>\n","protected":false},"excerpt":{"rendered":"<p>La operaci\u00f3n especial en Ucrania y las relaciones de Mosc\u00fa con los pa\u00edses occidentales centraron el resumen anual del expresidente de Rusia y vicepresidente del Consejo de Seguridad del Estado, Dmitri Medv\u00e9dev. Subray\u00f3 que el 2022, &#8220;en el umbral de una nueva era&#8221;, era &#8220;desafiante, formidable y dram\u00e1tico&#8221;. En opini\u00f3n de Dmitri Medv\u00e9dev, el mundo &hellip;<\/p>\n","protected":false},"author":30,"featured_media":267676,"comment_status":"closed","ping_status":"closed","sticky":false,"template":"","format":"standard","meta":{"footnotes":""},"categories":[456,20724],"tags":[],"class_list":["post-267675","post","type-post","status-publish","format-standard","has-post-thumbnail","","category-arabe-internacional-politica","category-minuto-a-minuto"],"_links":{"self":[{"href":"https:\/\/archive.sana.sy\/es\/index.php?rest_route=\/wp\/v2\/posts\/267675"}],"collection":[{"href":"https:\/\/archive.sana.sy\/es\/index.php?rest_route=\/wp\/v2\/posts"}],"about":[{"href":"https:\/\/archive.sana.sy\/es\/index.php?rest_route=\/wp\/v2\/types\/post"}],"author":[{"embeddable":true,"href":"https:\/\/archive.sana.sy\/es\/index.php?rest_route=\/wp\/v2\/users\/30"}],"replies":[{"embeddable":true,"href":"https:\/\/archive.sana.sy\/es\/index.php?rest_route=%2Fwp%2Fv2%2Fcomments&post=267675"}],"version-history":[{"count":0,"href":"https:\/\/archive.sana.sy\/es\/index.php?rest_route=\/wp\/v2\/posts\/267675\/revisions"}],"wp:featuredmedia":[{"embeddable":true,"href":"https:\/\/archive.sana.sy\/es\/index.php?rest_route=\/wp\/v2\/media\/267676"}],"wp:attachment":[{"href":"https:\/\/archive.sana.sy\/es\/index.php?rest_route=%2Fwp%2Fv2%2Fmedia&parent=267675"}],"wp:term":[{"taxonomy":"category","embeddable":true,"href":"https:\/\/archive.sana.sy\/es\/index.php?rest_route=%2Fwp%2Fv2%2Fcategories&post=267675"},{"taxonomy":"post_tag","embeddable":true,"href":"https:\/\/archive.sana.sy\/es\/index.php?rest_route=%2Fwp%2Fv2%2Ftags&post=267675"}],"curies":[{"name":"wp","href":"https:\/\/api.w.org\/{rel}","templated":true}]}}