{"id":26768,"date":"2015-07-17T11:29:59","date_gmt":"2015-07-17T08:29:59","guid":{"rendered":"http:\/\/sana.sy\/es\/?p=26768"},"modified":"2015-07-19T13:34:00","modified_gmt":"2015-07-19T10:34:00","slug":"presidente-al-assad-efectua-el-rezo-de-eid-al-fitr","status":"publish","type":"post","link":"https:\/\/archive.sana.sy\/es\/?p=26768","title":{"rendered":"Presidente al-Assad efect\u00faa el rezo de Eid al-Fitr"},"content":{"rendered":"<div><span style=\"color: #800000\">\u00a0<\/span><\/div>\n<div><span style=\"color: #800000\">Damasco, SANA<\/span><\/div>\n<div><\/div>\n<div>El presidente de la Rep\u00fablica, Bashar al-Assad, efectu\u00f3 esta ma\u00f1ana del viernes, el rezo de Eid al-Fitr en la mezquita al-Hamad, en la capital Damasco.Eid al-Fitr es la fiesta musulmana celebrada despu\u00e9s del fin del Ramad\u00e1n, \u00a0mes del ayuno musulm\u00e1n.Efectu\u00f3 el rezo junto al presidente a-Assad altos cargos en el Partido y el Estado, y un n\u00famero de diputados de la Asamblea del Pueblo, adem\u00e1s del ministro de Asuntos Religiosos (Awkaf)\u00a0 y el muft\u00ed general de la Rep\u00fablica, y un n\u00famero de ulemas musulmanes y un p\u00fablico de ciudadanos.<\/div>\n<div><img loading=\"lazy\" decoding=\"async\" class=\"aligncenter size-medium wp-image-26773\" src=\"http:\/\/sana.sy\/es\/wp-content\/uploads\/2015\/07\/President-al-Assad-3-300x271.jpg\" alt=\"President al Assad 3\" width=\"300\" height=\"271\" srcset=\"https:\/\/archive.sana.sy\/es\/wp-content\/uploads\/2015\/07\/President-al-Assad-3-300x271.jpg 300w, https:\/\/archive.sana.sy\/es\/wp-content\/uploads\/2015\/07\/President-al-Assad-3-150x136.jpg 150w, https:\/\/archive.sana.sy\/es\/wp-content\/uploads\/2015\/07\/President-al-Assad-3.jpg 500w\" sizes=\"(max-width: 300px) 100vw, 300px\" \/><\/div>\n<div><\/div>\n<div><\/div>\n<div>Encabez\u00f3 el rezo el jeque Dr. Muhammad Sharif al-Sawaf.<br \/>\nActo seguido el presidente escuch\u00f3 el serm\u00f3n del Eid pronunciado por el Dr. Al-Sawaf en el cual recalc\u00f3 los significados sublimes de la venerada fiesta del fin de Ramad\u00e1n.El sermoneador del Eid destac\u00f3 que \u201cDios ha bendecido al Levante que ha sido capital de la renovada civilizaci\u00f3n a lo largo de m\u00e1s de 10 mil al a\u00f1o, a pesar de las calamidades que ha presenciado esta regi\u00f3n del mundo\u201d, asegurando que \u201cSiria sigue siendo firme despu\u00e9s de cinco a\u00f1os del m\u00e1s feroz ataque b\u00e1rbaro y terrorista\u201d.El predicador hizo hincapi\u00e9 en que los ulemas de Siria siguen siendo partidarios de la misericordia, el amor y la civilizaci\u00f3n, y rechazan la distorsi\u00f3n y el complot, y conf\u00edan en el deber y los sacrificios del ej\u00e9rcito sirio para defender la fe y la paria.\u201cEl presidente Bashar al-Assad conserva las constantes, cree en el Islam y defiende el arabismo a pesar de las conspiraciones, y todav\u00eda mantiene la bandera en alta sin dar marcha atr\u00e1s ni inclinarse\u201d, afirm\u00f3.<\/p>\n<p>Al-Sawaf agreg\u00f3 que Siria ha triunfado y derrocado el complot porque \u201cla voluntad del pueblo y la determinaci\u00f3n de su l\u00edder se han erguido en una barrera infranqueable que asombra al mundo con su nitidez y porque la conciencia de los sirios ha sido impenetrable frente a los sectarios\u201d.<\/p>\n<p>Al t\u00e9rmino de su serm\u00f3n el predicador invoc\u00f3 al Alt\u00edsimo para que conceda la victoria a Siria sobre sus enemigos.<\/p>\n<\/div>\n<div>\n<div id='gallery-1' class='gallery galleryid-26768 gallery-columns-3 gallery-size-thumbnail'><figure class='gallery-item'>\n\t\t\t<div class='gallery-icon landscape'>\n\t\t\t\t<a href='https:\/\/archive.sana.sy\/es\/wp-content\/uploads\/2015\/07\/presidente-al-Assad-reza-7.jpg'><img loading=\"lazy\" decoding=\"async\" width=\"150\" height=\"109\" src=\"https:\/\/archive.sana.sy\/es\/wp-content\/uploads\/2015\/07\/presidente-al-Assad-reza-7-150x109.jpg\" class=\"attachment-thumbnail size-thumbnail\" alt=\"\" srcset=\"https:\/\/archive.sana.sy\/es\/wp-content\/uploads\/2015\/07\/presidente-al-Assad-reza-7-150x109.jpg 150w, https:\/\/archive.sana.sy\/es\/wp-content\/uploads\/2015\/07\/presidente-al-Assad-reza-7-300x218.jpg 300w, https:\/\/archive.sana.sy\/es\/wp-content\/uploads\/2015\/07\/presidente-al-Assad-reza-7-1024x744.jpg 1024w\" sizes=\"(max-width: 150px) 100vw, 150px\" \/><\/a>\n\t\t\t<\/div><\/figure><figure class='gallery-item'>\n\t\t\t<div class='gallery-icon landscape'>\n\t\t\t\t<a href='https:\/\/archive.sana.sy\/es\/wp-content\/uploads\/2015\/07\/presidente-al-Assad-reza-6.jpg'><img loading=\"lazy\" decoding=\"async\" width=\"150\" height=\"68\" src=\"https:\/\/archive.sana.sy\/es\/wp-content\/uploads\/2015\/07\/presidente-al-Assad-reza-6-150x68.jpg\" class=\"attachment-thumbnail size-thumbnail\" alt=\"\" srcset=\"https:\/\/archive.sana.sy\/es\/wp-content\/uploads\/2015\/07\/presidente-al-Assad-reza-6-150x68.jpg 150w, https:\/\/archive.sana.sy\/es\/wp-content\/uploads\/2015\/07\/presidente-al-Assad-reza-6-300x136.jpg 300w, https:\/\/archive.sana.sy\/es\/wp-content\/uploads\/2015\/07\/presidente-al-Assad-reza-6-1024x463.jpg 1024w\" sizes=\"(max-width: 150px) 100vw, 150px\" \/><\/a>\n\t\t\t<\/div><\/figure><figure class='gallery-item'>\n\t\t\t<div class='gallery-icon landscape'>\n\t\t\t\t<a href='https:\/\/archive.sana.sy\/es\/wp-content\/uploads\/2015\/07\/presidente-al-Assad-reza-5.jpg'><img loading=\"lazy\" decoding=\"async\" width=\"150\" height=\"91\" src=\"https:\/\/archive.sana.sy\/es\/wp-content\/uploads\/2015\/07\/presidente-al-Assad-reza-5-150x91.jpg\" class=\"attachment-thumbnail size-thumbnail\" alt=\"\" srcset=\"https:\/\/archive.sana.sy\/es\/wp-content\/uploads\/2015\/07\/presidente-al-Assad-reza-5-150x91.jpg 150w, https:\/\/archive.sana.sy\/es\/wp-content\/uploads\/2015\/07\/presidente-al-Assad-reza-5-300x181.jpg 300w, https:\/\/archive.sana.sy\/es\/wp-content\/uploads\/2015\/07\/presidente-al-Assad-reza-5-1024x619.jpg 1024w\" sizes=\"(max-width: 150px) 100vw, 150px\" \/><\/a>\n\t\t\t<\/div><\/figure><figure class='gallery-item'>\n\t\t\t<div class='gallery-icon landscape'>\n\t\t\t\t<a href='https:\/\/archive.sana.sy\/es\/wp-content\/uploads\/2015\/07\/presidente-al-Assad-reza-4.jpg'><img loading=\"lazy\" decoding=\"async\" width=\"150\" height=\"100\" src=\"https:\/\/archive.sana.sy\/es\/wp-content\/uploads\/2015\/07\/presidente-al-Assad-reza-4-150x100.jpg\" class=\"attachment-thumbnail size-thumbnail\" alt=\"\" srcset=\"https:\/\/archive.sana.sy\/es\/wp-content\/uploads\/2015\/07\/presidente-al-Assad-reza-4-150x100.jpg 150w, https:\/\/archive.sana.sy\/es\/wp-content\/uploads\/2015\/07\/presidente-al-Assad-reza-4-300x200.jpg 300w, https:\/\/archive.sana.sy\/es\/wp-content\/uploads\/2015\/07\/presidente-al-Assad-reza-4-1024x681.jpg 1024w\" sizes=\"(max-width: 150px) 100vw, 150px\" \/><\/a>\n\t\t\t<\/div><\/figure><figure class='gallery-item'>\n\t\t\t<div class='gallery-icon landscape'>\n\t\t\t\t<a href='https:\/\/archive.sana.sy\/es\/wp-content\/uploads\/2015\/07\/presidente-al-Assad-reza-1.jpg'><img loading=\"lazy\" decoding=\"async\" width=\"150\" height=\"100\" src=\"https:\/\/archive.sana.sy\/es\/wp-content\/uploads\/2015\/07\/presidente-al-Assad-reza-1-150x100.jpg\" class=\"attachment-thumbnail size-thumbnail\" alt=\"\" srcset=\"https:\/\/archive.sana.sy\/es\/wp-content\/uploads\/2015\/07\/presidente-al-Assad-reza-1-150x100.jpg 150w, https:\/\/archive.sana.sy\/es\/wp-content\/uploads\/2015\/07\/presidente-al-Assad-reza-1-300x200.jpg 300w, https:\/\/archive.sana.sy\/es\/wp-content\/uploads\/2015\/07\/presidente-al-Assad-reza-1-1024x681.jpg 1024w\" sizes=\"(max-width: 150px) 100vw, 150px\" \/><\/a>\n\t\t\t<\/div><\/figure><figure class='gallery-item'>\n\t\t\t<div class='gallery-icon landscape'>\n\t\t\t\t<a href='https:\/\/archive.sana.sy\/es\/wp-content\/uploads\/2015\/07\/presidente-al-Assad-reza-2.jpg'><img loading=\"lazy\" decoding=\"async\" width=\"150\" height=\"98\" src=\"https:\/\/archive.sana.sy\/es\/wp-content\/uploads\/2015\/07\/presidente-al-Assad-reza-2-150x98.jpg\" class=\"attachment-thumbnail size-thumbnail\" alt=\"\" srcset=\"https:\/\/archive.sana.sy\/es\/wp-content\/uploads\/2015\/07\/presidente-al-Assad-reza-2-150x98.jpg 150w, https:\/\/archive.sana.sy\/es\/wp-content\/uploads\/2015\/07\/presidente-al-Assad-reza-2-300x196.jpg 300w, https:\/\/archive.sana.sy\/es\/wp-content\/uploads\/2015\/07\/presidente-al-Assad-reza-2-1024x669.jpg 1024w\" sizes=\"(max-width: 150px) 100vw, 150px\" \/><\/a>\n\t\t\t<\/div><\/figure><figure class='gallery-item'>\n\t\t\t<div class='gallery-icon landscape'>\n\t\t\t\t<a href='https:\/\/archive.sana.sy\/es\/wp-content\/uploads\/2015\/07\/presidente-al-Assad-reza-51.jpg'><img loading=\"lazy\" decoding=\"async\" width=\"150\" height=\"91\" src=\"https:\/\/archive.sana.sy\/es\/wp-content\/uploads\/2015\/07\/presidente-al-Assad-reza-51-150x91.jpg\" class=\"attachment-thumbnail size-thumbnail\" alt=\"\" srcset=\"https:\/\/archive.sana.sy\/es\/wp-content\/uploads\/2015\/07\/presidente-al-Assad-reza-51-150x91.jpg 150w, https:\/\/archive.sana.sy\/es\/wp-content\/uploads\/2015\/07\/presidente-al-Assad-reza-51-300x181.jpg 300w, https:\/\/archive.sana.sy\/es\/wp-content\/uploads\/2015\/07\/presidente-al-Assad-reza-51-1024x619.jpg 1024w\" sizes=\"(max-width: 150px) 100vw, 150px\" \/><\/a>\n\t\t\t<\/div><\/figure>\n\t\t<\/div>\n\n<p>&nbsp;<\/p>\n<p>Fady M., Lynn A.<\/p>\n<\/div>\n","protected":false},"excerpt":{"rendered":"<p>\u00a0 Damasco, SANA El presidente de la Rep\u00fablica, Bashar al-Assad, efectu\u00f3 esta ma\u00f1ana del viernes, el rezo de Eid al-Fitr en la mezquita al-Hamad, en la capital Damasco.Eid al-Fitr es la fiesta musulmana celebrada despu\u00e9s del fin del Ramad\u00e1n, \u00a0mes del ayuno musulm\u00e1n.Efectu\u00f3 el rezo junto al presidente a-Assad altos cargos en el Partido y &hellip;<\/p>\n","protected":false},"author":24,"featured_media":26771,"comment_status":"closed","ping_status":"closed","sticky":false,"template":"","format":"standard","meta":{"footnotes":""},"categories":[477,476,626],"tags":[],"class_list":["post-26768","post","type-post","status-publish","format-standard","has-post-thumbnail","","category-noticias-edulcorantes","category-locales","category-sr-presidente"],"_links":{"self":[{"href":"https:\/\/archive.sana.sy\/es\/index.php?rest_route=\/wp\/v2\/posts\/26768"}],"collection":[{"href":"https:\/\/archive.sana.sy\/es\/index.php?rest_route=\/wp\/v2\/posts"}],"about":[{"href":"https:\/\/archive.sana.sy\/es\/index.php?rest_route=\/wp\/v2\/types\/post"}],"author":[{"embeddable":true,"href":"https:\/\/archive.sana.sy\/es\/index.php?rest_route=\/wp\/v2\/users\/24"}],"replies":[{"embeddable":true,"href":"https:\/\/archive.sana.sy\/es\/index.php?rest_route=%2Fwp%2Fv2%2Fcomments&post=26768"}],"version-history":[{"count":0,"href":"https:\/\/archive.sana.sy\/es\/index.php?rest_route=\/wp\/v2\/posts\/26768\/revisions"}],"wp:featuredmedia":[{"embeddable":true,"href":"https:\/\/archive.sana.sy\/es\/index.php?rest_route=\/wp\/v2\/media\/26771"}],"wp:attachment":[{"href":"https:\/\/archive.sana.sy\/es\/index.php?rest_route=%2Fwp%2Fv2%2Fmedia&parent=26768"}],"wp:term":[{"taxonomy":"category","embeddable":true,"href":"https:\/\/archive.sana.sy\/es\/index.php?rest_route=%2Fwp%2Fv2%2Fcategories&post=26768"},{"taxonomy":"post_tag","embeddable":true,"href":"https:\/\/archive.sana.sy\/es\/index.php?rest_route=%2Fwp%2Fv2%2Ftags&post=26768"}],"curies":[{"name":"wp","href":"https:\/\/api.w.org\/{rel}","templated":true}]}}