{"id":267682,"date":"2022-12-26T20:41:51","date_gmt":"2022-12-26T18:41:51","guid":{"rendered":"http:\/\/107.6.182.27\/es\/?p=267682"},"modified":"2023-01-10T15:48:27","modified_gmt":"2023-01-10T13:48:27","slug":"mas-de-medio-centenar-de-muertos-en-eeuu-por-fuerte-tormenta-invernal","status":"publish","type":"post","link":"https:\/\/archive.sana.sy\/es\/?p=267682","title":{"rendered":"M\u00e1s de medio centenar de muertos en EEUU por fuerte tormenta invernal"},"content":{"rendered":"<blockquote><p><span style=\"color: #ff6600;\"><strong>El temporal caus\u00f3 grandes estragos en territorio neoyorkino, que simulaba una \u201czona de guerra\u201d, con incidentes de saqueo y carreteras bloqueadas por veh\u00edculos de emergencia, expres\u00f3 la gobernadora Kathy Hochul, citada por ese medio.<\/strong><\/span><\/p><\/blockquote>\n<p style=\"text-align: justify;\"><strong><span style=\"color: #800000;\">Washington, 26 dic (SANA)<\/span><\/strong> El paso de una fuerte tormenta invernal por Estados Unidos provoc\u00f3 hasta hoy la muerte de al menos 55 personas, 25 de ellas en Nueva York, acorde con reportes de la cadena NBC News.<\/p>\n<p style=\"text-align: justify;\">El temporal caus\u00f3 grandes estragos en territorio neoyorkino, que simulaba una \u201czona de guerra\u201d, con incidentes de saqueo y carreteras bloqueadas por veh\u00edculos de emergencia, expres\u00f3 la gobernadora Kathy Hochul, citada por ese medio.<\/p>\n<p style=\"text-align: justify;\">Seg\u00fan reportes de la agencia Prensa Latina, las tormentas de nieve y la lluvia helada tambi\u00e9n dejaron sin suministro el\u00e9ctrico a miles de residentes, con 15 mil afectados, dijo la funcionaria.<\/p>\n<p style=\"text-align: justify;\">Es posible que la restauraci\u00f3n no ocurra hasta ma\u00f1ana martes, aclar\u00f3. A\u00f1adi\u00f3 c\u00f3mo hasta el momento se desplegaron miles de recursos materiales para hacer frente a la emergencia, que probablemente incluy\u00f3, seg\u00fan sostuvo, \u201cla mayor movilizaci\u00f3n de equipos de servicios p\u00fablicos en la historia del estado\u201d.<\/p>\n<p style=\"text-align: justify;\">De acuerdo con el Servicio Meteorol\u00f3gico Nacional, durante esta ma\u00f1ana una banda de nieve con efecto de lago pesado en el \u00e1rea de Buffalo produc\u00eda m\u00e1s de siete cent\u00edmetros (cm) de nieve por hora, con acumulaciones que alcanzaban 30 cm y hasta los 60 cm para los condados de Jefferson y el norte de Lewis.<\/p>\n<p style=\"text-align: justify;\"><em><strong>fm\/ah<\/strong><\/em><\/p>\n","protected":false},"excerpt":{"rendered":"<p>El temporal caus\u00f3 grandes estragos en territorio neoyorkino, que simulaba una \u201czona de guerra\u201d, con incidentes de saqueo y carreteras bloqueadas por veh\u00edculos de emergencia, expres\u00f3 la gobernadora Kathy Hochul, citada por ese medio. Washington, 26 dic (SANA) El paso de una fuerte tormenta invernal por Estados Unidos provoc\u00f3 hasta hoy la muerte de al &hellip;<\/p>\n","protected":false},"author":30,"featured_media":267683,"comment_status":"closed","ping_status":"closed","sticky":false,"template":"","format":"standard","meta":{"footnotes":""},"categories":[456,20724],"tags":[],"class_list":["post-267682","post","type-post","status-publish","format-standard","has-post-thumbnail","","category-arabe-internacional-politica","category-minuto-a-minuto"],"_links":{"self":[{"href":"https:\/\/archive.sana.sy\/es\/index.php?rest_route=\/wp\/v2\/posts\/267682"}],"collection":[{"href":"https:\/\/archive.sana.sy\/es\/index.php?rest_route=\/wp\/v2\/posts"}],"about":[{"href":"https:\/\/archive.sana.sy\/es\/index.php?rest_route=\/wp\/v2\/types\/post"}],"author":[{"embeddable":true,"href":"https:\/\/archive.sana.sy\/es\/index.php?rest_route=\/wp\/v2\/users\/30"}],"replies":[{"embeddable":true,"href":"https:\/\/archive.sana.sy\/es\/index.php?rest_route=%2Fwp%2Fv2%2Fcomments&post=267682"}],"version-history":[{"count":0,"href":"https:\/\/archive.sana.sy\/es\/index.php?rest_route=\/wp\/v2\/posts\/267682\/revisions"}],"wp:featuredmedia":[{"embeddable":true,"href":"https:\/\/archive.sana.sy\/es\/index.php?rest_route=\/wp\/v2\/media\/267683"}],"wp:attachment":[{"href":"https:\/\/archive.sana.sy\/es\/index.php?rest_route=%2Fwp%2Fv2%2Fmedia&parent=267682"}],"wp:term":[{"taxonomy":"category","embeddable":true,"href":"https:\/\/archive.sana.sy\/es\/index.php?rest_route=%2Fwp%2Fv2%2Fcategories&post=267682"},{"taxonomy":"post_tag","embeddable":true,"href":"https:\/\/archive.sana.sy\/es\/index.php?rest_route=%2Fwp%2Fv2%2Ftags&post=267682"}],"curies":[{"name":"wp","href":"https:\/\/api.w.org\/{rel}","templated":true}]}}