{"id":267712,"date":"2022-12-27T12:28:18","date_gmt":"2022-12-27T10:28:18","guid":{"rendered":"http:\/\/107.6.182.27\/es\/?p=267712"},"modified":"2023-01-10T15:48:26","modified_gmt":"2023-01-10T13:48:26","slug":"lavrov-eeuu-busca-sacarle-a-la-guerra-en-ucrania-el-maximo-provecho-en-el-sentido-economico-y-estrategico-militar","status":"publish","type":"post","link":"https:\/\/archive.sana.sy\/es\/?p=267712","title":{"rendered":"Lavrov: EEUU busca sacarle a la guerra en Ucrania el m\u00e1ximo provecho en el sentido econ\u00f3mico y estrat\u00e9gico-militar"},"content":{"rendered":"<blockquote>\n<p style=\"text-align: justify;\"><span style=\"color: #993300;\">&#8220;Washington tambi\u00e9n est\u00e1 resolviendo una importante tarea geopol\u00edtica: romper los lazos tradicionales entre Rusia y Europa, y subyugar a\u00fan m\u00e1s a los sat\u00e9lites europeos&#8221;<\/span><\/p>\n<\/blockquote>\n<p style=\"text-align: justify;\"><span style=\"color: #800000;\"><strong>Mosc\u00fa, 27 dic (SANA)<\/strong><\/span> El ministro de Relaciones Exteriores de Rusia, Sergu\u00e9i Lavrov, afirm\u00f3 que Washington y la OTAN quieren que Rusia pierda en &#8220;el campo de batalla&#8221;, y consider\u00f3 que las acciones de Occidente y de Zelenski confirman la naturaleza global de la crisis ucraniana.<\/p>\n<p style=\"text-align: justify;\">&#8220;Ya no es un secreto para nadie que el objetivo estrat\u00e9gico de EE.UU. y sus aliados de la OTAN es derrotar a Rusia en el campo de batalla como mecanismo para debilitar significativamente o incluso destruir a nuestro pa\u00eds. Para lograr este objetivo, nuestros oponentes est\u00e1n dispuestos a mucho&#8221;, dijo Lavrov durante una entrevista concedida a TASS y algunos fragmentos de la misma fueron citados por la cadena RT.<\/p>\n<p style=\"text-align: justify;\">El ministro indic\u00f3 que EE.UU. es el principal beneficiario del actual &#8220;conflicto caliente&#8221;, ya que busca sacarle el m\u00e1ximo provecho tanto en el sentido econ\u00f3mico como en el estrat\u00e9gico-militar. &#8220;Al mismo tiempo, Washington tambi\u00e9n est\u00e1 resolviendo una importante tarea geopol\u00edtica: romper los lazos tradicionales entre Rusia y Europa, y subyugar a\u00fan m\u00e1s a los sat\u00e9lites europeos&#8221;, declar\u00f3.<\/p>\n<p style=\"text-align: justify;\">Asimismo, Lavrov se\u00f1al\u00f3 que las declaraciones de &#8220;funcionarios an\u00f3nimos&#8221; del Pent\u00e1gono sobre la posibilidad de infligir un &#8220;golpe de decapitaci\u00f3n&#8221; al Kremlin contienen en realidad &#8220;la amenaza de eliminaci\u00f3n f\u00edsica del l\u00edder de Estado ruso&#8221;. &#8220;Si alguien realmente trama esas ideas, ese alguien deber\u00eda pensar muy bien sobre las posibles consecuencias de esos planes&#8221;, dijo Lavrov.<\/p>\n<p style=\"text-align: justify;\">El ministro indic\u00f3 que el r\u00e9gimen de Kiev est\u00e1 tratando de involucrar a Washington y a la OTAN a\u00fan m\u00e1s en el conflicto en Ucrania, con el fin de &#8220;hacer inevitable su colisi\u00f3n frontal con el Ej\u00e9rcito ruso&#8221;, indic\u00f3 el ministro.<\/p>\n<p style=\"text-align: justify;\">&#8220;Baste recordar la provocaci\u00f3n del 15 de noviembre&#8221;, cuando un misil de defensa antia\u00e9rea ucraniano cay\u00f3 en territorio de Polonia y Zelenski &#8220;intent\u00f3 falsamente&#8221; hacerlo pasar por un proyectil ruso, agreg\u00f3. &#8220;Menos mal que Washington y Bruselas tuvieron la cordura de no caer en ese truco. Pero el incidente demostr\u00f3 que el r\u00e9gimen [de Kiev] no se detendr\u00e1 ante nada&#8221;, enfatiz\u00f3 Lavrov.<\/p>\n<p style=\"text-align: justify;\">fm<\/p>\n","protected":false},"excerpt":{"rendered":"<p>&#8220;Washington tambi\u00e9n est\u00e1 resolviendo una importante tarea geopol\u00edtica: romper los lazos tradicionales entre Rusia y Europa, y subyugar a\u00fan m\u00e1s a los sat\u00e9lites europeos&#8221; Mosc\u00fa, 27 dic (SANA) El ministro de Relaciones Exteriores de Rusia, Sergu\u00e9i Lavrov, afirm\u00f3 que Washington y la OTAN quieren que Rusia pierda en &#8220;el campo de batalla&#8221;, y consider\u00f3 que &hellip;<\/p>\n","protected":false},"author":34,"featured_media":267713,"comment_status":"closed","ping_status":"closed","sticky":false,"template":"","format":"standard","meta":{"footnotes":""},"categories":[597,456,7541],"tags":[],"class_list":["post-267712","post","type-post","status-publish","format-standard","has-post-thumbnail","","category-cinta-de-noticias","category-arabe-internacional-politica","category-ultimas-noticias"],"_links":{"self":[{"href":"https:\/\/archive.sana.sy\/es\/index.php?rest_route=\/wp\/v2\/posts\/267712"}],"collection":[{"href":"https:\/\/archive.sana.sy\/es\/index.php?rest_route=\/wp\/v2\/posts"}],"about":[{"href":"https:\/\/archive.sana.sy\/es\/index.php?rest_route=\/wp\/v2\/types\/post"}],"author":[{"embeddable":true,"href":"https:\/\/archive.sana.sy\/es\/index.php?rest_route=\/wp\/v2\/users\/34"}],"replies":[{"embeddable":true,"href":"https:\/\/archive.sana.sy\/es\/index.php?rest_route=%2Fwp%2Fv2%2Fcomments&post=267712"}],"version-history":[{"count":0,"href":"https:\/\/archive.sana.sy\/es\/index.php?rest_route=\/wp\/v2\/posts\/267712\/revisions"}],"wp:featuredmedia":[{"embeddable":true,"href":"https:\/\/archive.sana.sy\/es\/index.php?rest_route=\/wp\/v2\/media\/267713"}],"wp:attachment":[{"href":"https:\/\/archive.sana.sy\/es\/index.php?rest_route=%2Fwp%2Fv2%2Fmedia&parent=267712"}],"wp:term":[{"taxonomy":"category","embeddable":true,"href":"https:\/\/archive.sana.sy\/es\/index.php?rest_route=%2Fwp%2Fv2%2Fcategories&post=267712"},{"taxonomy":"post_tag","embeddable":true,"href":"https:\/\/archive.sana.sy\/es\/index.php?rest_route=%2Fwp%2Fv2%2Ftags&post=267712"}],"curies":[{"name":"wp","href":"https:\/\/api.w.org\/{rel}","templated":true}]}}