{"id":267715,"date":"2022-12-27T13:43:12","date_gmt":"2022-12-27T11:43:12","guid":{"rendered":"http:\/\/107.6.182.27\/es\/?p=267715"},"modified":"2023-01-10T15:48:26","modified_gmt":"2023-01-10T13:48:26","slug":"militares-israelies-arrestan-arbitrariamente-a-22-palestinos-en-cisjordania","status":"publish","type":"post","link":"https:\/\/archive.sana.sy\/es\/?p=267715","title":{"rendered":"Militares israel\u00edes arrestan arbitrariamente a 22 palestinos en Cisjordania"},"content":{"rendered":"<p style=\"text-align: justify;\"><span style=\"color: #800000;\"><strong>Jerusal\u00e9n ocupada, 27 dic (SANA) <\/strong><\/span>Las fuerzas de ocupaci\u00f3n israel\u00edes arrestaron a 22 palestinos en varios localidades de Cisjordania.<\/p>\n<p style=\"text-align: justify;\">Seg\u00fan inform\u00f3 la agencia palestina de noticias Wafa, los militares israel\u00edes asaltaron varios barrios de la ciudad de Naplusa y la localidad de Beit Iba.<\/p>\n<p style=\"text-align: justify;\">Tambi\u00e9n fueron allanadas las ciudades de Silwad y Beitin en Ramallah, Jaba en Jenin, donde 21 palestinos fueron detenidos.<\/p>\n<p style=\"text-align: justify;\">En la v\u00edspera, las fuerzas de ocupaci\u00f3n israel\u00edes arrestaron a 15 palestinos en Cisjordania.<\/p>\n<p>&nbsp;<\/p>\n<p>as\/fm<\/p>\n","protected":false},"excerpt":{"rendered":"<p>Jerusal\u00e9n ocupada, 27 dic (SANA) Las fuerzas de ocupaci\u00f3n israel\u00edes arrestaron a 22 palestinos en varios localidades de Cisjordania. Seg\u00fan inform\u00f3 la agencia palestina de noticias Wafa, los militares israel\u00edes asaltaron varios barrios de la ciudad de Naplusa y la localidad de Beit Iba. Tambi\u00e9n fueron allanadas las ciudades de Silwad y Beitin en Ramallah, &hellip;<\/p>\n","protected":false},"author":42,"featured_media":267716,"comment_status":"closed","ping_status":"closed","sticky":false,"template":"","format":"standard","meta":{"footnotes":""},"categories":[597,456,20724,7541],"tags":[],"class_list":["post-267715","post","type-post","status-publish","format-standard","has-post-thumbnail","","category-cinta-de-noticias","category-arabe-internacional-politica","category-minuto-a-minuto","category-ultimas-noticias"],"_links":{"self":[{"href":"https:\/\/archive.sana.sy\/es\/index.php?rest_route=\/wp\/v2\/posts\/267715"}],"collection":[{"href":"https:\/\/archive.sana.sy\/es\/index.php?rest_route=\/wp\/v2\/posts"}],"about":[{"href":"https:\/\/archive.sana.sy\/es\/index.php?rest_route=\/wp\/v2\/types\/post"}],"author":[{"embeddable":true,"href":"https:\/\/archive.sana.sy\/es\/index.php?rest_route=\/wp\/v2\/users\/42"}],"replies":[{"embeddable":true,"href":"https:\/\/archive.sana.sy\/es\/index.php?rest_route=%2Fwp%2Fv2%2Fcomments&post=267715"}],"version-history":[{"count":0,"href":"https:\/\/archive.sana.sy\/es\/index.php?rest_route=\/wp\/v2\/posts\/267715\/revisions"}],"wp:featuredmedia":[{"embeddable":true,"href":"https:\/\/archive.sana.sy\/es\/index.php?rest_route=\/wp\/v2\/media\/267716"}],"wp:attachment":[{"href":"https:\/\/archive.sana.sy\/es\/index.php?rest_route=%2Fwp%2Fv2%2Fmedia&parent=267715"}],"wp:term":[{"taxonomy":"category","embeddable":true,"href":"https:\/\/archive.sana.sy\/es\/index.php?rest_route=%2Fwp%2Fv2%2Fcategories&post=267715"},{"taxonomy":"post_tag","embeddable":true,"href":"https:\/\/archive.sana.sy\/es\/index.php?rest_route=%2Fwp%2Fv2%2Ftags&post=267715"}],"curies":[{"name":"wp","href":"https:\/\/api.w.org\/{rel}","templated":true}]}}