{"id":267734,"date":"2022-12-27T16:02:46","date_gmt":"2022-12-27T14:02:46","guid":{"rendered":"http:\/\/107.6.182.27\/es\/?p=267734"},"modified":"2023-01-10T15:48:25","modified_gmt":"2023-01-10T13:48:25","slug":"twitter-realizo-acciones-de-guerra-psicologica-contra-cuba","status":"publish","type":"post","link":"https:\/\/archive.sana.sy\/es\/?p=267734","title":{"rendered":"Twitter realiz\u00f3 acciones de guerra psicol\u00f3gica contra Cuba"},"content":{"rendered":"<blockquote>\n<p style=\"text-align: justify;\"><span style=\"color: #000000;\"><em><strong>Entre los blancos de esas acciones estaban usuarios cubanos, apunt\u00f3 Rodr\u00edguez, quien en otro mensaje coment\u00f3 que el editor de Substack, Matt Taibbi, revel\u00f3 que en las largas listas de cuentas que recibi\u00f3 Twitter con indicaciones de censura hab\u00eda cubanos, \u201cmarcados para moderaci\u00f3n o ejecuci\u00f3n digital\u201d.<\/strong><\/em><\/span><\/p>\n<\/blockquote>\n<p style=\"text-align: justify;\"><span style=\"color: #800000;\"><strong>La Habana, 27 dic (SANA)<\/strong> \u00a0<\/span>El ministro de Relaciones Exteriores de Cuba, Bruno Rodr\u00edguez, denunci\u00f3 hoy los v\u00ednculos de Twitter con agencias gubernamentales de Estados Unidos para realizar acciones de guerra psicol\u00f3gica contra Cuba y demand\u00f3 respuesta sobre el asunto.<\/p>\n<p style=\"text-align: justify;\">En su cuenta en esa red social, el canciller se\u00f1al\u00f3 que los llamados Twitter Files, documentos filtrados a periodistas sobre los manejos de esa empresa, demuestran que las agencias de inteligencia de Estados Unidos, el Pent\u00e1gono y el Departamento de Estado coordinaban dichas actividades.<\/p>\n<p style=\"text-align: justify;\">A la par, el Bur\u00f3 Federal de Investigaciones (FBI) pagaba a la compa\u00f1\u00eda para que respondiera a sus solicitudes, a\u00f1adi\u00f3 el Canciller citado por la agencia Prensa Latina.<\/p>\n<p style=\"text-align: justify;\">Entre los blancos de esas acciones estaban usuarios cubanos, apunt\u00f3 Rodr\u00edguez, quien en otro mensaje coment\u00f3 que el editor de Substack, Matt Taibbi, revel\u00f3 que en las largas listas de cuentas que recibi\u00f3 Twitter con indicaciones de censura hab\u00eda cubanos, \u201cmarcados para moderaci\u00f3n o ejecuci\u00f3n digital\u201d.<\/p>\n<p style=\"text-align: justify;\">El ministro cubano aprovech\u00f3 las nuevas evidencias para reiterar la denuncia que hiciera ante la Asamblea General de las Naciones Unidas el pasado 3 de noviembre y demand\u00f3 respuestas sobre el particular.<\/p>\n<p style=\"text-align: justify;\">fm\/as<\/p>\n","protected":false},"excerpt":{"rendered":"<p>Entre los blancos de esas acciones estaban usuarios cubanos, apunt\u00f3 Rodr\u00edguez, quien en otro mensaje coment\u00f3 que el editor de Substack, Matt Taibbi, revel\u00f3 que en las largas listas de cuentas que recibi\u00f3 Twitter con indicaciones de censura hab\u00eda cubanos, \u201cmarcados para moderaci\u00f3n o ejecuci\u00f3n digital\u201d. La Habana, 27 dic (SANA) \u00a0El ministro de Relaciones &hellip;<\/p>\n","protected":false},"author":42,"featured_media":267735,"comment_status":"closed","ping_status":"closed","sticky":false,"template":"","format":"standard","meta":{"footnotes":""},"categories":[597,456,20724,7541],"tags":[],"class_list":["post-267734","post","type-post","status-publish","format-standard","has-post-thumbnail","","category-cinta-de-noticias","category-arabe-internacional-politica","category-minuto-a-minuto","category-ultimas-noticias"],"_links":{"self":[{"href":"https:\/\/archive.sana.sy\/es\/index.php?rest_route=\/wp\/v2\/posts\/267734"}],"collection":[{"href":"https:\/\/archive.sana.sy\/es\/index.php?rest_route=\/wp\/v2\/posts"}],"about":[{"href":"https:\/\/archive.sana.sy\/es\/index.php?rest_route=\/wp\/v2\/types\/post"}],"author":[{"embeddable":true,"href":"https:\/\/archive.sana.sy\/es\/index.php?rest_route=\/wp\/v2\/users\/42"}],"replies":[{"embeddable":true,"href":"https:\/\/archive.sana.sy\/es\/index.php?rest_route=%2Fwp%2Fv2%2Fcomments&post=267734"}],"version-history":[{"count":0,"href":"https:\/\/archive.sana.sy\/es\/index.php?rest_route=\/wp\/v2\/posts\/267734\/revisions"}],"wp:featuredmedia":[{"embeddable":true,"href":"https:\/\/archive.sana.sy\/es\/index.php?rest_route=\/wp\/v2\/media\/267735"}],"wp:attachment":[{"href":"https:\/\/archive.sana.sy\/es\/index.php?rest_route=%2Fwp%2Fv2%2Fmedia&parent=267734"}],"wp:term":[{"taxonomy":"category","embeddable":true,"href":"https:\/\/archive.sana.sy\/es\/index.php?rest_route=%2Fwp%2Fv2%2Fcategories&post=267734"},{"taxonomy":"post_tag","embeddable":true,"href":"https:\/\/archive.sana.sy\/es\/index.php?rest_route=%2Fwp%2Fv2%2Ftags&post=267734"}],"curies":[{"name":"wp","href":"https:\/\/api.w.org\/{rel}","templated":true}]}}