{"id":267758,"date":"2022-12-27T17:29:41","date_gmt":"2022-12-27T15:29:41","guid":{"rendered":"http:\/\/107.6.182.27\/es\/?p=267758"},"modified":"2022-12-27T17:29:41","modified_gmt":"2022-12-27T15:29:41","slug":"destacada-participacion-siria-en-la-feria-internacional-de-bagdad","status":"publish","type":"post","link":"https:\/\/archive.sana.sy\/es\/?p=267758","title":{"rendered":"Destacada participaci\u00f3n siria en la Feria Internacional de Bagdad"},"content":{"rendered":"<p style=\"text-align: justify;\"><span style=\"color: #800000;\"><strong>Bagdad, 27 dic (SANA)<\/strong> <\/span>El embajador de Siria en Irak, Sattam Jadaan al-Dandah, inaugur\u00f3 hoy la exposici\u00f3n \u201cHecho en Siria\u201d, que participa en la Feria Internacional de Bagdad, en presencia de varios funcionarios y representantes iraqu\u00edes.<\/p>\n<p style=\"text-align: justify;\">M\u00e1s de 100 empresas industriales, agr\u00edcolas, comerciales y de salud sirias participan en la Feria Internacional de Bagdad.<\/p>\n<p style=\"text-align: justify;\">El embajador al-Dandah dijo en una declaraci\u00f3n al corresponsal de SANA en Bagdad, que esta feria representan un indicador importante del alto nivel de la cooperaci\u00f3n sirio-iraqu\u00ed en el campo del comercio.<\/p>\n<p style=\"text-align: justify;\">\u201cLa exposici\u00f3n, que se lleva a cabo en cooperaci\u00f3n con los hermanos iraqu\u00edes, es uno de los elementos para romper el injusto bloqueo econ\u00f3mico occidental impuesto a Siria\u201d, manifest\u00f3.<\/p>\n<p style=\"text-align: justify;\">Cabe se\u00f1alar que la exposici\u00f3n continuar\u00e1 hasta el 6 de enero pr\u00f3ximo.<\/p>\n<div id='gallery-1' class='gallery galleryid-267758 gallery-columns-1 gallery-size-full'><figure class='gallery-item'>\n\t\t\t<div class='gallery-icon landscape'>\n\t\t\t\t<a href='https:\/\/archive.sana.sy\/es\/?attachment_id=267760'><img loading=\"lazy\" decoding=\"async\" width=\"660\" height=\"394\" src=\"https:\/\/archive.sana.sy\/es\/wp-content\/uploads\/2022\/12\/1-5.jpg\" class=\"attachment-full size-full\" alt=\"\" srcset=\"https:\/\/archive.sana.sy\/es\/wp-content\/uploads\/2022\/12\/1-5.jpg 660w, https:\/\/archive.sana.sy\/es\/wp-content\/uploads\/2022\/12\/1-5-300x179.jpg 300w, https:\/\/archive.sana.sy\/es\/wp-content\/uploads\/2022\/12\/1-5-150x90.jpg 150w\" sizes=\"(max-width: 660px) 100vw, 660px\" \/><\/a>\n\t\t\t<\/div><\/figure><figure class='gallery-item'>\n\t\t\t<div class='gallery-icon landscape'>\n\t\t\t\t<a href='https:\/\/archive.sana.sy\/es\/?attachment_id=267761'><img loading=\"lazy\" decoding=\"async\" width=\"660\" height=\"398\" src=\"https:\/\/archive.sana.sy\/es\/wp-content\/uploads\/2022\/12\/2-3.jpg\" class=\"attachment-full size-full\" alt=\"\" srcset=\"https:\/\/archive.sana.sy\/es\/wp-content\/uploads\/2022\/12\/2-3.jpg 660w, https:\/\/archive.sana.sy\/es\/wp-content\/uploads\/2022\/12\/2-3-300x181.jpg 300w, https:\/\/archive.sana.sy\/es\/wp-content\/uploads\/2022\/12\/2-3-150x90.jpg 150w\" sizes=\"(max-width: 660px) 100vw, 660px\" \/><\/a>\n\t\t\t<\/div><\/figure><figure class='gallery-item'>\n\t\t\t<div class='gallery-icon landscape'>\n\t\t\t\t<a href='https:\/\/archive.sana.sy\/es\/?attachment_id=267762'><img loading=\"lazy\" decoding=\"async\" width=\"660\" height=\"386\" src=\"https:\/\/archive.sana.sy\/es\/wp-content\/uploads\/2022\/12\/3-3.jpg\" class=\"attachment-full size-full\" alt=\"\" srcset=\"https:\/\/archive.sana.sy\/es\/wp-content\/uploads\/2022\/12\/3-3.jpg 660w, https:\/\/archive.sana.sy\/es\/wp-content\/uploads\/2022\/12\/3-3-300x175.jpg 300w, https:\/\/archive.sana.sy\/es\/wp-content\/uploads\/2022\/12\/3-3-150x88.jpg 150w\" sizes=\"(max-width: 660px) 100vw, 660px\" \/><\/a>\n\t\t\t<\/div><\/figure><figure class='gallery-item'>\n\t\t\t<div class='gallery-icon landscape'>\n\t\t\t\t<a href='https:\/\/archive.sana.sy\/es\/?attachment_id=267763'><img loading=\"lazy\" decoding=\"async\" width=\"660\" height=\"388\" src=\"https:\/\/archive.sana.sy\/es\/wp-content\/uploads\/2022\/12\/4-4.jpg\" class=\"attachment-full size-full\" alt=\"\" srcset=\"https:\/\/archive.sana.sy\/es\/wp-content\/uploads\/2022\/12\/4-4.jpg 660w, https:\/\/archive.sana.sy\/es\/wp-content\/uploads\/2022\/12\/4-4-300x176.jpg 300w, https:\/\/archive.sana.sy\/es\/wp-content\/uploads\/2022\/12\/4-4-150x88.jpg 150w\" sizes=\"(max-width: 660px) 100vw, 660px\" \/><\/a>\n\t\t\t<\/div><\/figure>\n\t\t<\/div>\n\n<p>mm<\/p>\n","protected":false},"excerpt":{"rendered":"<p>Bagdad, 27 dic (SANA) El embajador de Siria en Irak, Sattam Jadaan al-Dandah, inaugur\u00f3 hoy la exposici\u00f3n \u201cHecho en Siria\u201d, que participa en la Feria Internacional de Bagdad, en presencia de varios funcionarios y representantes iraqu\u00edes. M\u00e1s de 100 empresas industriales, agr\u00edcolas, comerciales y de salud sirias participan en la Feria Internacional de Bagdad. El &hellip;<\/p>\n","protected":false},"author":36,"featured_media":267759,"comment_status":"closed","ping_status":"closed","sticky":false,"template":"","format":"standard","meta":{"footnotes":""},"categories":[597,20724,467,7541],"tags":[],"class_list":["post-267758","post","type-post","status-publish","format-standard","has-post-thumbnail","","category-cinta-de-noticias","category-minuto-a-minuto","category-siria-y-el-mundo","category-ultimas-noticias"],"_links":{"self":[{"href":"https:\/\/archive.sana.sy\/es\/index.php?rest_route=\/wp\/v2\/posts\/267758"}],"collection":[{"href":"https:\/\/archive.sana.sy\/es\/index.php?rest_route=\/wp\/v2\/posts"}],"about":[{"href":"https:\/\/archive.sana.sy\/es\/index.php?rest_route=\/wp\/v2\/types\/post"}],"author":[{"embeddable":true,"href":"https:\/\/archive.sana.sy\/es\/index.php?rest_route=\/wp\/v2\/users\/36"}],"replies":[{"embeddable":true,"href":"https:\/\/archive.sana.sy\/es\/index.php?rest_route=%2Fwp%2Fv2%2Fcomments&post=267758"}],"version-history":[{"count":0,"href":"https:\/\/archive.sana.sy\/es\/index.php?rest_route=\/wp\/v2\/posts\/267758\/revisions"}],"wp:featuredmedia":[{"embeddable":true,"href":"https:\/\/archive.sana.sy\/es\/index.php?rest_route=\/wp\/v2\/media\/267759"}],"wp:attachment":[{"href":"https:\/\/archive.sana.sy\/es\/index.php?rest_route=%2Fwp%2Fv2%2Fmedia&parent=267758"}],"wp:term":[{"taxonomy":"category","embeddable":true,"href":"https:\/\/archive.sana.sy\/es\/index.php?rest_route=%2Fwp%2Fv2%2Fcategories&post=267758"},{"taxonomy":"post_tag","embeddable":true,"href":"https:\/\/archive.sana.sy\/es\/index.php?rest_route=%2Fwp%2Fv2%2Ftags&post=267758"}],"curies":[{"name":"wp","href":"https:\/\/api.w.org\/{rel}","templated":true}]}}