{"id":267776,"date":"2022-12-27T18:20:56","date_gmt":"2022-12-27T16:20:56","guid":{"rendered":"http:\/\/107.6.182.27\/es\/?p=267776"},"modified":"2022-12-27T18:20:56","modified_gmt":"2022-12-27T16:20:56","slug":"siria-la-resistencia-popular-expulsara-a-las-fuerzas-de-ocupacion","status":"publish","type":"post","link":"https:\/\/archive.sana.sy\/es\/?p=267776","title":{"rendered":"Siria: La resistencia popular expulsar\u00e1 a las fuerzas de ocupaci\u00f3n"},"content":{"rendered":"<p style=\"text-align: justify;\"><span style=\"color: #800000;\"><strong>Damasco, 27 dic (SANA)<\/strong><\/span> El Ministerio de Asuntos Exteriores y Expatriados de Siria anunci\u00f3 que la expulsi\u00f3n de las fuerzas ocupantes extranjeras del territorio sirio no es algo inalcanzable.<\/p>\n<p style=\"text-align: justify;\">\u201cA medida que se acerca el fin de 2022, el pueblo sirio en el nordeste de la patria est\u00e1 dejando para la historia p\u00e1ginas gloriosas de lucha contra las fuerzas de ocupaci\u00f3n estadounidenses y sus t\u00edteres y mercenarios\u201d, indic\u00f3 Canciller\u00eda en su cuenta en la red social Twitter.<\/p>\n<p style=\"text-align: justify;\">Agreg\u00f3 que \u201cexpulsar a las fuerzas de ocupaci\u00f3n extranjeras de los territorios sirios es alcanzable, ya que los golpes dirigidos por la resistencia popular a las mismas y el continuo rechazo a su presencia son suficientes para liberar la tierra y recuperar los derechos sirios\u201d.<\/p>\n<p>fm\/mm<\/p>\n","protected":false},"excerpt":{"rendered":"<p>Damasco, 27 dic (SANA) El Ministerio de Asuntos Exteriores y Expatriados de Siria anunci\u00f3 que la expulsi\u00f3n de las fuerzas ocupantes extranjeras del territorio sirio no es algo inalcanzable. \u201cA medida que se acerca el fin de 2022, el pueblo sirio en el nordeste de la patria est\u00e1 dejando para la historia p\u00e1ginas gloriosas de &hellip;<\/p>\n","protected":false},"author":36,"featured_media":267777,"comment_status":"closed","ping_status":"closed","sticky":false,"template":"","format":"standard","meta":{"footnotes":""},"categories":[597,20724,467,583],"tags":[],"class_list":["post-267776","post","type-post","status-publish","format-standard","has-post-thumbnail","","category-cinta-de-noticias","category-minuto-a-minuto","category-siria-y-el-mundo","category-slide"],"_links":{"self":[{"href":"https:\/\/archive.sana.sy\/es\/index.php?rest_route=\/wp\/v2\/posts\/267776"}],"collection":[{"href":"https:\/\/archive.sana.sy\/es\/index.php?rest_route=\/wp\/v2\/posts"}],"about":[{"href":"https:\/\/archive.sana.sy\/es\/index.php?rest_route=\/wp\/v2\/types\/post"}],"author":[{"embeddable":true,"href":"https:\/\/archive.sana.sy\/es\/index.php?rest_route=\/wp\/v2\/users\/36"}],"replies":[{"embeddable":true,"href":"https:\/\/archive.sana.sy\/es\/index.php?rest_route=%2Fwp%2Fv2%2Fcomments&post=267776"}],"version-history":[{"count":0,"href":"https:\/\/archive.sana.sy\/es\/index.php?rest_route=\/wp\/v2\/posts\/267776\/revisions"}],"wp:featuredmedia":[{"embeddable":true,"href":"https:\/\/archive.sana.sy\/es\/index.php?rest_route=\/wp\/v2\/media\/267777"}],"wp:attachment":[{"href":"https:\/\/archive.sana.sy\/es\/index.php?rest_route=%2Fwp%2Fv2%2Fmedia&parent=267776"}],"wp:term":[{"taxonomy":"category","embeddable":true,"href":"https:\/\/archive.sana.sy\/es\/index.php?rest_route=%2Fwp%2Fv2%2Fcategories&post=267776"},{"taxonomy":"post_tag","embeddable":true,"href":"https:\/\/archive.sana.sy\/es\/index.php?rest_route=%2Fwp%2Fv2%2Ftags&post=267776"}],"curies":[{"name":"wp","href":"https:\/\/api.w.org\/{rel}","templated":true}]}}