{"id":267785,"date":"2022-12-27T19:11:32","date_gmt":"2022-12-27T17:11:32","guid":{"rendered":"http:\/\/107.6.182.27\/es\/?p=267785"},"modified":"2022-12-27T19:11:32","modified_gmt":"2022-12-27T17:11:32","slug":"cancilleres-de-siria-y-rusia-abordan-telefonicamente-temas-de-interes-comun","status":"publish","type":"post","link":"https:\/\/archive.sana.sy\/es\/?p=267785","title":{"rendered":"Cancilleres de Siria y Rusia abordan telef\u00f3nicamente temas de inter\u00e9s com\u00fan"},"content":{"rendered":"<p style=\"text-align: justify;\"><span style=\"color: #800000;\"><strong>Damasco, 27 dic (SANA)<\/strong><\/span> El ministro de Asuntos Exteriores y Expatriados, Faisal Al-Mekdad, sostuvo este martes una conversaci\u00f3n por tel\u00e9fono con su hom\u00f3logo ruso, Sergei Lavrov.<\/p>\n<p style=\"text-align: justify;\">Las dos partes revisaron una serie de cuestiones de inter\u00e9s com\u00fan en el \u00e1mbito internacional y regional, adem\u00e1s de cuestiones relacionadas con la ayuda humanitaria y la Resoluci\u00f3n N\u00aa 2642 del Consejo de Seguridad.<\/p>\n<p style=\"text-align: justify;\">El Ministro Al-Mekdad se refiri\u00f3 a las dificultades econ\u00f3micas que enfrenta Siria debido a las medidas coercitivas unilaterales que le imponen los pa\u00edses occidentales, y por la continua ocupaci\u00f3n de las tierras sirias por parte de Estados Unidos y su robo de los recursos sirios como el petr\u00f3leo, el trigo y otros, en un momento en que los sirios est\u00e1n sufriendo para asegurarse los recursos energ\u00e9ticos m\u00ednimos necesarios para garantizar sus servicios b\u00e1sicos.<\/p>\n<p style=\"text-align: justify;\">Al-Mekdad tambi\u00e9n renov\u00f3 la condena de Siria a las campa\u00f1as occidentales dirigidas contra la Federaci\u00f3n Rusa, as\u00ed como a los intentos de socavar su seguridad nacional, y destac\u00f3 la importancia del papel ruso en la escena internacional para enfrentar los proyectos de hegemon\u00eda occidental.<\/p>\n<p style=\"text-align: justify;\">Adem\u00e1s, el canciller sirio denunci\u00f3 las pol\u00edticas de Estados Unidos y sus aliados que buscan prolongar la guerra en Ucrania para servir a sus estrechos intereses.<\/p>\n<p style=\"text-align: justify;\">Por su parte, el ministro Lavrov reconfirm\u00f3 la posici\u00f3n de apoyo de su pa\u00eds a la soberan\u00eda, independencia e integridad territorial de Siria, y su apoyo a los esfuerzos de Siria en relaci\u00f3n con el retorno de los refugiados.<\/p>\n<p style=\"text-align: justify;\">Lavrov reiter\u00f3 la insistencia de Rusia en continuar sus esfuerzos para proteger a los residentes de Donbass, y expres\u00f3 el aprecio de Rusia por la posici\u00f3n de apoyo de Siria para enfrentar estos desaf\u00edos.<\/p>\n<p style=\"text-align: justify;\">Al final de la llamada telef\u00f3nica, los dos ministros intercambiaron felicitaciones por la Navidad y el A\u00f1o Nuevo, deseando a los pueblos de los dos pa\u00edses prosperidad y paz.<\/p>\n<p>mm<\/p>\n","protected":false},"excerpt":{"rendered":"<p>Damasco, 27 dic (SANA) El ministro de Asuntos Exteriores y Expatriados, Faisal Al-Mekdad, sostuvo este martes una conversaci\u00f3n por tel\u00e9fono con su hom\u00f3logo ruso, Sergei Lavrov. Las dos partes revisaron una serie de cuestiones de inter\u00e9s com\u00fan en el \u00e1mbito internacional y regional, adem\u00e1s de cuestiones relacionadas con la ayuda humanitaria y la Resoluci\u00f3n N\u00aa &hellip;<\/p>\n","protected":false},"author":36,"featured_media":267786,"comment_status":"closed","ping_status":"closed","sticky":false,"template":"","format":"standard","meta":{"footnotes":""},"categories":[597,20724,467,583],"tags":[],"class_list":["post-267785","post","type-post","status-publish","format-standard","has-post-thumbnail","","category-cinta-de-noticias","category-minuto-a-minuto","category-siria-y-el-mundo","category-slide"],"_links":{"self":[{"href":"https:\/\/archive.sana.sy\/es\/index.php?rest_route=\/wp\/v2\/posts\/267785"}],"collection":[{"href":"https:\/\/archive.sana.sy\/es\/index.php?rest_route=\/wp\/v2\/posts"}],"about":[{"href":"https:\/\/archive.sana.sy\/es\/index.php?rest_route=\/wp\/v2\/types\/post"}],"author":[{"embeddable":true,"href":"https:\/\/archive.sana.sy\/es\/index.php?rest_route=\/wp\/v2\/users\/36"}],"replies":[{"embeddable":true,"href":"https:\/\/archive.sana.sy\/es\/index.php?rest_route=%2Fwp%2Fv2%2Fcomments&post=267785"}],"version-history":[{"count":0,"href":"https:\/\/archive.sana.sy\/es\/index.php?rest_route=\/wp\/v2\/posts\/267785\/revisions"}],"wp:featuredmedia":[{"embeddable":true,"href":"https:\/\/archive.sana.sy\/es\/index.php?rest_route=\/wp\/v2\/media\/267786"}],"wp:attachment":[{"href":"https:\/\/archive.sana.sy\/es\/index.php?rest_route=%2Fwp%2Fv2%2Fmedia&parent=267785"}],"wp:term":[{"taxonomy":"category","embeddable":true,"href":"https:\/\/archive.sana.sy\/es\/index.php?rest_route=%2Fwp%2Fv2%2Fcategories&post=267785"},{"taxonomy":"post_tag","embeddable":true,"href":"https:\/\/archive.sana.sy\/es\/index.php?rest_route=%2Fwp%2Fv2%2Ftags&post=267785"}],"curies":[{"name":"wp","href":"https:\/\/api.w.org\/{rel}","templated":true}]}}