{"id":267791,"date":"2022-12-27T20:06:52","date_gmt":"2022-12-27T18:06:52","guid":{"rendered":"http:\/\/107.6.182.27\/es\/?p=267791"},"modified":"2022-12-27T20:06:52","modified_gmt":"2022-12-27T18:06:52","slug":"armados-abren-fuego-contra-una-patrulla-de-policia-y-matan-a-un-agente-en-deraa","status":"publish","type":"post","link":"https:\/\/archive.sana.sy\/es\/?p=267791","title":{"rendered":"Armados abren fuego contra una patrulla de polic\u00eda y matan a un agente en Deraa"},"content":{"rendered":"<p style=\"text-align: justify;\"><span style=\"color: #800000;\"><strong>Deraa, 27 dic (SANA)<\/strong> <\/span>Un polic\u00eda muri\u00f3, otros dos resultaron heridos y se perdi\u00f3 el contacto con el jefe del Departamento Policial en la ciudad de Giza en la provincia de Deraa por un ataque con ametralladoras llevado a cabo por atacantes no identificados.<\/p>\n<p style=\"text-align: justify;\">\u201cArmados montados en tres veh\u00edculos abrieron el fuego de sus ametralladoras contra una patrulla de polic\u00eda en la carretera Ghasem-Jiza en el campo oriental de Deraa, lo que provoc\u00f3 la muerte del polic\u00eda Amer Hamidush, heridas a otros dos polic\u00edas, mientras se perdi\u00f3 contacto con el jefe del Departamento Policial\u201d, inform\u00f3 el corresponsal de SANA.<\/p>\n<p style=\"text-align: justify;\">De inmediato, agrega la fuente, patrullas de las distintas unidades policiales de Deraa se dirigieron al lugar del incidente, donde el cuerpo de la m\u00e1rtir y los heridos fueron trasladados al Hospital de Busra Al-Sham.<\/p>\n<p style=\"text-align: justify;\">Seg\u00fan la fuente, se est\u00e1n realizando investigaciones para arrestar a los atacantes y conocer el paradero del oficial.<\/p>\n<p>mm\/fm<\/p>\n","protected":false},"excerpt":{"rendered":"<p>Deraa, 27 dic (SANA) Un polic\u00eda muri\u00f3, otros dos resultaron heridos y se perdi\u00f3 el contacto con el jefe del Departamento Policial en la ciudad de Giza en la provincia de Deraa por un ataque con ametralladoras llevado a cabo por atacantes no identificados. \u201cArmados montados en tres veh\u00edculos abrieron el fuego de sus ametralladoras &hellip;<\/p>\n","protected":false},"author":36,"featured_media":267792,"comment_status":"closed","ping_status":"closed","sticky":false,"template":"","format":"standard","meta":{"footnotes":""},"categories":[597,20724,476,457,7541],"tags":[],"class_list":["post-267791","post","type-post","status-publish","format-standard","has-post-thumbnail","","category-cinta-de-noticias","category-minuto-a-minuto","category-locales","category-noticias-arabe-internacional-politica","category-ultimas-noticias"],"_links":{"self":[{"href":"https:\/\/archive.sana.sy\/es\/index.php?rest_route=\/wp\/v2\/posts\/267791"}],"collection":[{"href":"https:\/\/archive.sana.sy\/es\/index.php?rest_route=\/wp\/v2\/posts"}],"about":[{"href":"https:\/\/archive.sana.sy\/es\/index.php?rest_route=\/wp\/v2\/types\/post"}],"author":[{"embeddable":true,"href":"https:\/\/archive.sana.sy\/es\/index.php?rest_route=\/wp\/v2\/users\/36"}],"replies":[{"embeddable":true,"href":"https:\/\/archive.sana.sy\/es\/index.php?rest_route=%2Fwp%2Fv2%2Fcomments&post=267791"}],"version-history":[{"count":0,"href":"https:\/\/archive.sana.sy\/es\/index.php?rest_route=\/wp\/v2\/posts\/267791\/revisions"}],"wp:featuredmedia":[{"embeddable":true,"href":"https:\/\/archive.sana.sy\/es\/index.php?rest_route=\/wp\/v2\/media\/267792"}],"wp:attachment":[{"href":"https:\/\/archive.sana.sy\/es\/index.php?rest_route=%2Fwp%2Fv2%2Fmedia&parent=267791"}],"wp:term":[{"taxonomy":"category","embeddable":true,"href":"https:\/\/archive.sana.sy\/es\/index.php?rest_route=%2Fwp%2Fv2%2Fcategories&post=267791"},{"taxonomy":"post_tag","embeddable":true,"href":"https:\/\/archive.sana.sy\/es\/index.php?rest_route=%2Fwp%2Fv2%2Ftags&post=267791"}],"curies":[{"name":"wp","href":"https:\/\/api.w.org\/{rel}","templated":true}]}}