{"id":267828,"date":"2022-12-28T13:18:47","date_gmt":"2022-12-28T11:18:47","guid":{"rendered":"http:\/\/107.6.182.27\/es\/?p=267828"},"modified":"2023-01-10T15:48:22","modified_gmt":"2023-01-10T13:48:22","slug":"la-violencia-armada-en-eeuu-cobro-la-vida-de-mas-de-43-000-civiles-en-2022","status":"publish","type":"post","link":"https:\/\/archive.sana.sy\/es\/?p=267828","title":{"rendered":"La violencia armada en EEUU cobr\u00f3 la vida de m\u00e1s de 43.000 civiles en 2022"},"content":{"rendered":"<p style=\"text-align: justify;\"><span style=\"color: #800000;\"><strong>Washington, 28 dic (SANA)\u00a0<\/strong><\/span> \u00a0 La Asociaci\u00f3n Gun Violence Archive revel\u00f3 que 43 mil 600 personas estadounidenses perdieron la vida por incidentes de tiroteos durante el 2022.<\/p>\n<p style=\"text-align: justify;\">En un informe, la referida organizaci\u00f3n indic\u00f3 que m\u00e1s de 37.900 personas resultaron heridos este a\u00f1o por las mismas razones, incluidos 4.400 ni\u00f1os, de los cuales m\u00e1s de 1.600 resultaron muertos.<\/p>\n<p style=\"text-align: justify;\">Los incidentes con disparos son comunes en Estados Unidos, y los observadores lo atribuyen a la difusi\u00f3n de una cultura de violencia en la sociedad estadounidense y la facilidad de obtener armas individuales.<\/p>\n<p style=\"text-align: justify;\">ed\/fm<\/p>\n","protected":false},"excerpt":{"rendered":"<p>Washington, 28 dic (SANA)\u00a0 \u00a0 La Asociaci\u00f3n Gun Violence Archive revel\u00f3 que 43 mil 600 personas estadounidenses perdieron la vida por incidentes de tiroteos durante el 2022. En un informe, la referida organizaci\u00f3n indic\u00f3 que m\u00e1s de 37.900 personas resultaron heridos este a\u00f1o por las mismas razones, incluidos 4.400 ni\u00f1os, de los cuales m\u00e1s de &hellip;<\/p>\n","protected":false},"author":32,"featured_media":267829,"comment_status":"closed","ping_status":"closed","sticky":false,"template":"","format":"standard","meta":{"footnotes":""},"categories":[597,456,7541],"tags":[19641],"class_list":["post-267828","post","type-post","status-publish","format-standard","has-post-thumbnail","","category-cinta-de-noticias","category-arabe-internacional-politica","category-ultimas-noticias","tag-washington"],"_links":{"self":[{"href":"https:\/\/archive.sana.sy\/es\/index.php?rest_route=\/wp\/v2\/posts\/267828"}],"collection":[{"href":"https:\/\/archive.sana.sy\/es\/index.php?rest_route=\/wp\/v2\/posts"}],"about":[{"href":"https:\/\/archive.sana.sy\/es\/index.php?rest_route=\/wp\/v2\/types\/post"}],"author":[{"embeddable":true,"href":"https:\/\/archive.sana.sy\/es\/index.php?rest_route=\/wp\/v2\/users\/32"}],"replies":[{"embeddable":true,"href":"https:\/\/archive.sana.sy\/es\/index.php?rest_route=%2Fwp%2Fv2%2Fcomments&post=267828"}],"version-history":[{"count":0,"href":"https:\/\/archive.sana.sy\/es\/index.php?rest_route=\/wp\/v2\/posts\/267828\/revisions"}],"wp:featuredmedia":[{"embeddable":true,"href":"https:\/\/archive.sana.sy\/es\/index.php?rest_route=\/wp\/v2\/media\/267829"}],"wp:attachment":[{"href":"https:\/\/archive.sana.sy\/es\/index.php?rest_route=%2Fwp%2Fv2%2Fmedia&parent=267828"}],"wp:term":[{"taxonomy":"category","embeddable":true,"href":"https:\/\/archive.sana.sy\/es\/index.php?rest_route=%2Fwp%2Fv2%2Fcategories&post=267828"},{"taxonomy":"post_tag","embeddable":true,"href":"https:\/\/archive.sana.sy\/es\/index.php?rest_route=%2Fwp%2Fv2%2Ftags&post=267828"}],"curies":[{"name":"wp","href":"https:\/\/api.w.org\/{rel}","templated":true}]}}