{"id":267841,"date":"2022-12-28T14:40:41","date_gmt":"2022-12-28T12:40:41","guid":{"rendered":"http:\/\/107.6.182.27\/es\/?p=267841"},"modified":"2023-01-10T15:48:22","modified_gmt":"2023-01-10T13:48:22","slug":"fuerzas-de-seguridad-rusas-eliminan-a-dos-extremistas-pagados-por-los-servicios-de-inteligencia-ucranianos","status":"publish","type":"post","link":"https:\/\/archive.sana.sy\/es\/?p=267841","title":{"rendered":"Fuerzas de seguridad rusas eliminan a dos extremistas pagados por los servicios de inteligencia ucranianos"},"content":{"rendered":"<p style=\"text-align: justify;\"><span style=\"color: #800000;\"><strong>Mosc\u00fa, 28 dic (SANA)<\/strong> <\/span>El Servicio Federal de Seguridad de Rusia anunci\u00f3 hoy la eliminaci\u00f3n de dos extremistas en la Rep\u00fablica de Kabardino-Balkaria que estaban preparando un ataque terrorista en la ciudad de Chegim, por instrucciones del Servicio de Seguridad de Ucrania.<\/p>\n<p style=\"text-align: justify;\">La agencia de noticias Sputnik cit\u00f3 al Servicio diciendo en un comunicado que frustr\u00f3 las acciones de dos ciudadanos previamente condenados en Rusia por cargos de unirse a grupos terroristas en la Rep\u00fablica de Kabardino-Balkaria, que intentaron llevar a cabo un acto terrorista en la ciudad de Chegem .\u201d<\/p>\n<p style=\"text-align: justify;\">Agreg\u00f3 que cuando los efectivos rusos intentaron arrestar a los militantes, estos mostraron resistencia, lo que les llev\u00f3 a liquidarlos.<\/p>\n<p style=\"text-align: justify;\">as\/fm<\/p>\n","protected":false},"excerpt":{"rendered":"<p>Mosc\u00fa, 28 dic (SANA) El Servicio Federal de Seguridad de Rusia anunci\u00f3 hoy la eliminaci\u00f3n de dos extremistas en la Rep\u00fablica de Kabardino-Balkaria que estaban preparando un ataque terrorista en la ciudad de Chegim, por instrucciones del Servicio de Seguridad de Ucrania. La agencia de noticias Sputnik cit\u00f3 al Servicio diciendo en un comunicado que &hellip;<\/p>\n","protected":false},"author":42,"featured_media":267842,"comment_status":"closed","ping_status":"closed","sticky":false,"template":"","format":"standard","meta":{"footnotes":""},"categories":[597,456,20724,7541],"tags":[],"class_list":["post-267841","post","type-post","status-publish","format-standard","has-post-thumbnail","","category-cinta-de-noticias","category-arabe-internacional-politica","category-minuto-a-minuto","category-ultimas-noticias"],"_links":{"self":[{"href":"https:\/\/archive.sana.sy\/es\/index.php?rest_route=\/wp\/v2\/posts\/267841"}],"collection":[{"href":"https:\/\/archive.sana.sy\/es\/index.php?rest_route=\/wp\/v2\/posts"}],"about":[{"href":"https:\/\/archive.sana.sy\/es\/index.php?rest_route=\/wp\/v2\/types\/post"}],"author":[{"embeddable":true,"href":"https:\/\/archive.sana.sy\/es\/index.php?rest_route=\/wp\/v2\/users\/42"}],"replies":[{"embeddable":true,"href":"https:\/\/archive.sana.sy\/es\/index.php?rest_route=%2Fwp%2Fv2%2Fcomments&post=267841"}],"version-history":[{"count":0,"href":"https:\/\/archive.sana.sy\/es\/index.php?rest_route=\/wp\/v2\/posts\/267841\/revisions"}],"wp:featuredmedia":[{"embeddable":true,"href":"https:\/\/archive.sana.sy\/es\/index.php?rest_route=\/wp\/v2\/media\/267842"}],"wp:attachment":[{"href":"https:\/\/archive.sana.sy\/es\/index.php?rest_route=%2Fwp%2Fv2%2Fmedia&parent=267841"}],"wp:term":[{"taxonomy":"category","embeddable":true,"href":"https:\/\/archive.sana.sy\/es\/index.php?rest_route=%2Fwp%2Fv2%2Fcategories&post=267841"},{"taxonomy":"post_tag","embeddable":true,"href":"https:\/\/archive.sana.sy\/es\/index.php?rest_route=%2Fwp%2Fv2%2Ftags&post=267841"}],"curies":[{"name":"wp","href":"https:\/\/api.w.org\/{rel}","templated":true}]}}