{"id":267851,"date":"2022-12-28T17:00:38","date_gmt":"2022-12-28T15:00:38","guid":{"rendered":"http:\/\/107.6.182.27\/es\/?p=267851"},"modified":"2023-01-10T15:48:22","modified_gmt":"2023-01-10T13:48:22","slug":"alto-oficial-castrense-irani-el-enemigo-sufrio-una-gran-derrota-en-iran","status":"publish","type":"post","link":"https:\/\/archive.sana.sy\/es\/?p=267851","title":{"rendered":"Alto oficial castrense iran\u00ed: El enemigo sufri\u00f3 una gran derrota en Ir\u00e1n"},"content":{"rendered":"<p style=\"text-align: justify;\"><span style=\"color: #800000;\"><strong>Teher\u00e1n, 28 dic (SANA)<\/strong><\/span> El comandante en jefe de la Guardia Revolucionaria de Ir\u00e1n, el general Hossein Salami, confirm\u00f3 que el enemigo sufri\u00f3 una gran derrota tras haber hecho todo lo posible para crear caos y disturbios en Ir\u00e1n.<\/p>\n<p style=\"text-align: justify;\">\u201cNos enfrentamos constantemente a enemistades y sedici\u00f3n, y es probable que surja otro problema despu\u00e9s de los eventos recientes\u201d, declar\u00f3 el alto oficial iran\u00ed.<\/p>\n<p style=\"text-align: justify;\">Salami agreg\u00f3: Los enemigos est\u00e1n enojados despu\u00e9s de que fueron derrotados, y algunos de ellos comenzaron a atacarse entre s\u00ed de manera inmoral.<\/p>\n<p style=\"text-align: justify;\">Tambi\u00e9n explic\u00f3 que la Guardia Revolucionaria iran\u00ed se enfrent\u00f3 a los enemigos m\u00e1s modernos, poderosos y sofisticados.<\/p>\n<p>mm<\/p>\n","protected":false},"excerpt":{"rendered":"<p>Teher\u00e1n, 28 dic (SANA) El comandante en jefe de la Guardia Revolucionaria de Ir\u00e1n, el general Hossein Salami, confirm\u00f3 que el enemigo sufri\u00f3 una gran derrota tras haber hecho todo lo posible para crear caos y disturbios en Ir\u00e1n. \u201cNos enfrentamos constantemente a enemistades y sedici\u00f3n, y es probable que surja otro problema despu\u00e9s de &hellip;<\/p>\n","protected":false},"author":36,"featured_media":267852,"comment_status":"closed","ping_status":"closed","sticky":false,"template":"","format":"standard","meta":{"footnotes":""},"categories":[597,456,20724,457],"tags":[],"class_list":["post-267851","post","type-post","status-publish","format-standard","has-post-thumbnail","","category-cinta-de-noticias","category-arabe-internacional-politica","category-minuto-a-minuto","category-noticias-arabe-internacional-politica"],"_links":{"self":[{"href":"https:\/\/archive.sana.sy\/es\/index.php?rest_route=\/wp\/v2\/posts\/267851"}],"collection":[{"href":"https:\/\/archive.sana.sy\/es\/index.php?rest_route=\/wp\/v2\/posts"}],"about":[{"href":"https:\/\/archive.sana.sy\/es\/index.php?rest_route=\/wp\/v2\/types\/post"}],"author":[{"embeddable":true,"href":"https:\/\/archive.sana.sy\/es\/index.php?rest_route=\/wp\/v2\/users\/36"}],"replies":[{"embeddable":true,"href":"https:\/\/archive.sana.sy\/es\/index.php?rest_route=%2Fwp%2Fv2%2Fcomments&post=267851"}],"version-history":[{"count":0,"href":"https:\/\/archive.sana.sy\/es\/index.php?rest_route=\/wp\/v2\/posts\/267851\/revisions"}],"wp:featuredmedia":[{"embeddable":true,"href":"https:\/\/archive.sana.sy\/es\/index.php?rest_route=\/wp\/v2\/media\/267852"}],"wp:attachment":[{"href":"https:\/\/archive.sana.sy\/es\/index.php?rest_route=%2Fwp%2Fv2%2Fmedia&parent=267851"}],"wp:term":[{"taxonomy":"category","embeddable":true,"href":"https:\/\/archive.sana.sy\/es\/index.php?rest_route=%2Fwp%2Fv2%2Fcategories&post=267851"},{"taxonomy":"post_tag","embeddable":true,"href":"https:\/\/archive.sana.sy\/es\/index.php?rest_route=%2Fwp%2Fv2%2Ftags&post=267851"}],"curies":[{"name":"wp","href":"https:\/\/api.w.org\/{rel}","templated":true}]}}