{"id":267862,"date":"2022-12-28T19:02:30","date_gmt":"2022-12-28T17:02:30","guid":{"rendered":"http:\/\/107.6.182.27\/es\/?p=267862"},"modified":"2022-12-28T19:40:16","modified_gmt":"2022-12-28T17:40:16","slug":"ministros-de-defensa-de-siria-turquia-y-rusia-se-reunen-en-moscu-2","status":"publish","type":"post","link":"https:\/\/archive.sana.sy\/es\/?p=267862","title":{"rendered":"Ministros de Defensa de Siria, Turqu\u00eda y Rusia se re\u00fanen en Mosc\u00fa"},"content":{"rendered":"<p style=\"text-align: justify;\"><span style=\"color: #800000;\"><strong>Mosc\u00fa, 28 dic (SANA)\u00a0 <\/strong><\/span>Una reuni\u00f3n trilateral tuvo lugar hoy en la capital rusa Mosc\u00fa, entre los ministros de Defensa de Rusia, Serguei Shoig\u00fa, de Siria, Ali Mahmoud Abbas, y de Turqu\u00eda, Hulusi Akar, inform\u00f3 el corresponsal de SANA.<\/p>\n<p style=\"text-align: justify;\">Las conversaciones abordaron la situaci\u00f3n en Siria, la cuesti\u00f3n de los refugiados y los esfuerzos de lucha contra el terrorismo.<\/p>\n<p style=\"text-align: justify;\">Tambi\u00e9n, se subray\u00f3 la necesidad e importancia de continuar el di\u00e1logo para estabilizar la situaci\u00f3n en la regi\u00f3n.<\/p>\n<p style=\"text-align: justify;\">Tras el encuentro, los ministros calificaron de constructivo al di\u00e1logo sostenido y destacaron la necesidad de su continuaci\u00f3n para consolidar la estabilidad de la situaci\u00f3n en Siria y la regi\u00f3n en su conjunto.<\/p>\n<p style=\"text-align: justify;\">mm\/fm<\/p>\n","protected":false},"excerpt":{"rendered":"<p>Mosc\u00fa, 28 dic (SANA)\u00a0 Una reuni\u00f3n trilateral tuvo lugar hoy en la capital rusa Mosc\u00fa, entre los ministros de Defensa de Rusia, Serguei Shoig\u00fa, de Siria, Ali Mahmoud Abbas, y de Turqu\u00eda, Hulusi Akar, inform\u00f3 el corresponsal de SANA. Las conversaciones abordaron la situaci\u00f3n en Siria, la cuesti\u00f3n de los refugiados y los esfuerzos de &hellip;<\/p>\n","protected":false},"author":36,"featured_media":267872,"comment_status":"closed","ping_status":"closed","sticky":false,"template":"","format":"standard","meta":{"footnotes":""},"categories":[597,20724,467,583],"tags":[],"class_list":["post-267862","post","type-post","status-publish","format-standard","has-post-thumbnail","","category-cinta-de-noticias","category-minuto-a-minuto","category-siria-y-el-mundo","category-slide"],"_links":{"self":[{"href":"https:\/\/archive.sana.sy\/es\/index.php?rest_route=\/wp\/v2\/posts\/267862"}],"collection":[{"href":"https:\/\/archive.sana.sy\/es\/index.php?rest_route=\/wp\/v2\/posts"}],"about":[{"href":"https:\/\/archive.sana.sy\/es\/index.php?rest_route=\/wp\/v2\/types\/post"}],"author":[{"embeddable":true,"href":"https:\/\/archive.sana.sy\/es\/index.php?rest_route=\/wp\/v2\/users\/36"}],"replies":[{"embeddable":true,"href":"https:\/\/archive.sana.sy\/es\/index.php?rest_route=%2Fwp%2Fv2%2Fcomments&post=267862"}],"version-history":[{"count":0,"href":"https:\/\/archive.sana.sy\/es\/index.php?rest_route=\/wp\/v2\/posts\/267862\/revisions"}],"wp:featuredmedia":[{"embeddable":true,"href":"https:\/\/archive.sana.sy\/es\/index.php?rest_route=\/wp\/v2\/media\/267872"}],"wp:attachment":[{"href":"https:\/\/archive.sana.sy\/es\/index.php?rest_route=%2Fwp%2Fv2%2Fmedia&parent=267862"}],"wp:term":[{"taxonomy":"category","embeddable":true,"href":"https:\/\/archive.sana.sy\/es\/index.php?rest_route=%2Fwp%2Fv2%2Fcategories&post=267862"},{"taxonomy":"post_tag","embeddable":true,"href":"https:\/\/archive.sana.sy\/es\/index.php?rest_route=%2Fwp%2Fv2%2Ftags&post=267862"}],"curies":[{"name":"wp","href":"https:\/\/api.w.org\/{rel}","templated":true}]}}