{"id":267873,"date":"2022-12-28T19:52:23","date_gmt":"2022-12-28T17:52:23","guid":{"rendered":"http:\/\/107.6.182.27\/es\/?p=267873"},"modified":"2022-12-28T19:52:23","modified_gmt":"2022-12-28T17:52:23","slug":"mueren-4-civiles-por-explosion-de-una-mina-dejada-por-terroristas-en-el-campo-de-hama","status":"publish","type":"post","link":"https:\/\/archive.sana.sy\/es\/?p=267873","title":{"rendered":"Mueren 4 civiles por explosi\u00f3n de una mina dejada por terroristas en el campo de Hama"},"content":{"rendered":"<p style=\"text-align: justify;\"><span style=\"color: #800000;\"><strong>Hama, 28 dic (SANA)<\/strong><\/span> Cuatro civiles perdieron la vida como resultado de la explosi\u00f3n de una mina dejada por terroristas de (Daesh) en el campo de la provincia de Hama.<\/p>\n<p style=\"text-align: justify;\">Una fuente de la polic\u00eda de Hama detall\u00f3 e dijo que una mina terrestre dejada por terroristas explot\u00f3 hoy en tierras agr\u00edcolas en el \u00e1rea de Tal Salama en el campo oriental de Salamiyah, matando a cuatro civiles.<\/p>\n<p style=\"text-align: justify;\">A pesar de los esfuerzos del ej\u00e9rcito sirio de desminar las zonas liberadas, las minas dejadas por los radicales antes de su derrota siguen cobrando la vida de decenas de civiles.<\/p>\n<p>mm<\/p>\n","protected":false},"excerpt":{"rendered":"<p>Hama, 28 dic (SANA) Cuatro civiles perdieron la vida como resultado de la explosi\u00f3n de una mina dejada por terroristas de (Daesh) en el campo de la provincia de Hama. Una fuente de la polic\u00eda de Hama detall\u00f3 e dijo que una mina terrestre dejada por terroristas explot\u00f3 hoy en tierras agr\u00edcolas en el \u00e1rea &hellip;<\/p>\n","protected":false},"author":36,"featured_media":267874,"comment_status":"closed","ping_status":"closed","sticky":false,"template":"","format":"standard","meta":{"footnotes":""},"categories":[597,20724,476,457,7541],"tags":[],"class_list":["post-267873","post","type-post","status-publish","format-standard","has-post-thumbnail","","category-cinta-de-noticias","category-minuto-a-minuto","category-locales","category-noticias-arabe-internacional-politica","category-ultimas-noticias"],"_links":{"self":[{"href":"https:\/\/archive.sana.sy\/es\/index.php?rest_route=\/wp\/v2\/posts\/267873"}],"collection":[{"href":"https:\/\/archive.sana.sy\/es\/index.php?rest_route=\/wp\/v2\/posts"}],"about":[{"href":"https:\/\/archive.sana.sy\/es\/index.php?rest_route=\/wp\/v2\/types\/post"}],"author":[{"embeddable":true,"href":"https:\/\/archive.sana.sy\/es\/index.php?rest_route=\/wp\/v2\/users\/36"}],"replies":[{"embeddable":true,"href":"https:\/\/archive.sana.sy\/es\/index.php?rest_route=%2Fwp%2Fv2%2Fcomments&post=267873"}],"version-history":[{"count":0,"href":"https:\/\/archive.sana.sy\/es\/index.php?rest_route=\/wp\/v2\/posts\/267873\/revisions"}],"wp:featuredmedia":[{"embeddable":true,"href":"https:\/\/archive.sana.sy\/es\/index.php?rest_route=\/wp\/v2\/media\/267874"}],"wp:attachment":[{"href":"https:\/\/archive.sana.sy\/es\/index.php?rest_route=%2Fwp%2Fv2%2Fmedia&parent=267873"}],"wp:term":[{"taxonomy":"category","embeddable":true,"href":"https:\/\/archive.sana.sy\/es\/index.php?rest_route=%2Fwp%2Fv2%2Fcategories&post=267873"},{"taxonomy":"post_tag","embeddable":true,"href":"https:\/\/archive.sana.sy\/es\/index.php?rest_route=%2Fwp%2Fv2%2Ftags&post=267873"}],"curies":[{"name":"wp","href":"https:\/\/api.w.org\/{rel}","templated":true}]}}