{"id":267876,"date":"2022-12-29T07:37:18","date_gmt":"2022-12-29T05:37:18","guid":{"rendered":"http:\/\/107.6.182.27\/es\/?p=267876"},"modified":"2022-12-29T19:58:00","modified_gmt":"2022-12-29T17:58:00","slug":"ministro-de-defensa-y-jefe-de-la-inteligencia-de-siria-se-reunen-en-moscu-con-sus-homologos-turcos","status":"publish","type":"post","link":"https:\/\/archive.sana.sy\/es\/?p=267876","title":{"rendered":"Ministro de Defensa y Jefe de la Inteligencia de Siria se re\u00fanen en Mosc\u00fa con sus hom\u00f3logos turcos"},"content":{"rendered":"<p style=\"text-align: justify;\"><span style=\"color: #800000;\"><strong>Damasco, 28 dic (SANA)<\/strong><\/span>\u00a0 El ministro de Defensa y el jefe del Departamento de Inteligencia General repasaron varias cuestiones con sus hom\u00f3logos turcos en la capital rusa Mosc\u00fa, en una reuni\u00f3n que cont\u00f3 con la participaci\u00f3n rusa.<\/p>\n<p style=\"text-align: justify;\">El Ministerio de Defensa sirio inform\u00f3 sobre esta reuni\u00f3n por medio de un comunicado del que SANA recibi\u00f3 una copia, y calific\u00f3 el encuentro de positivo .<\/p>\n<p style=\"text-align: justify;\">Las conversaciones, seg\u00fan reportes del corresponsal de SANA, abordaron la situaci\u00f3n en Siria, la cuesti\u00f3n de los refugiados y los esfuerzos de lucha contra el terrorismo.<\/p>\n<p style=\"text-align: justify;\">Tambi\u00e9n, se subray\u00f3 la necesidad e importancia de continuar el di\u00e1logo para estabilizar la situaci\u00f3n en la regi\u00f3n.<\/p>\n<p style=\"text-align: justify;\">Tras el encuentro, los ministros calificaron de constructivo al di\u00e1logo sostenido y destacaron la necesidad de su continuaci\u00f3n para consolidar la estabilidad de la situaci\u00f3n en Siria y la regi\u00f3n en su conjunto.<\/p>\n<p style=\"text-align: justify;\"><em><strong>fm\/ws<\/strong><\/em><\/p>\n","protected":false},"excerpt":{"rendered":"<p>Damasco, 28 dic (SANA)\u00a0 El ministro de Defensa y el jefe del Departamento de Inteligencia General repasaron varias cuestiones con sus hom\u00f3logos turcos en la capital rusa Mosc\u00fa, en una reuni\u00f3n que cont\u00f3 con la participaci\u00f3n rusa. El Ministerio de Defensa sirio inform\u00f3 sobre esta reuni\u00f3n por medio de un comunicado del que SANA recibi\u00f3 &hellip;<\/p>\n","protected":false},"author":35,"featured_media":267882,"comment_status":"closed","ping_status":"closed","sticky":false,"template":"","format":"standard","meta":{"footnotes":""},"categories":[477,447,597,20724,476,583],"tags":[],"class_list":["post-267876","post","type-post","status-publish","format-standard","has-post-thumbnail","","category-noticias-edulcorantes","category-local-politica","category-cinta-de-noticias","category-minuto-a-minuto","category-locales","category-slide"],"_links":{"self":[{"href":"https:\/\/archive.sana.sy\/es\/index.php?rest_route=\/wp\/v2\/posts\/267876"}],"collection":[{"href":"https:\/\/archive.sana.sy\/es\/index.php?rest_route=\/wp\/v2\/posts"}],"about":[{"href":"https:\/\/archive.sana.sy\/es\/index.php?rest_route=\/wp\/v2\/types\/post"}],"author":[{"embeddable":true,"href":"https:\/\/archive.sana.sy\/es\/index.php?rest_route=\/wp\/v2\/users\/35"}],"replies":[{"embeddable":true,"href":"https:\/\/archive.sana.sy\/es\/index.php?rest_route=%2Fwp%2Fv2%2Fcomments&post=267876"}],"version-history":[{"count":0,"href":"https:\/\/archive.sana.sy\/es\/index.php?rest_route=\/wp\/v2\/posts\/267876\/revisions"}],"wp:featuredmedia":[{"embeddable":true,"href":"https:\/\/archive.sana.sy\/es\/index.php?rest_route=\/wp\/v2\/media\/267882"}],"wp:attachment":[{"href":"https:\/\/archive.sana.sy\/es\/index.php?rest_route=%2Fwp%2Fv2%2Fmedia&parent=267876"}],"wp:term":[{"taxonomy":"category","embeddable":true,"href":"https:\/\/archive.sana.sy\/es\/index.php?rest_route=%2Fwp%2Fv2%2Fcategories&post=267876"},{"taxonomy":"post_tag","embeddable":true,"href":"https:\/\/archive.sana.sy\/es\/index.php?rest_route=%2Fwp%2Fv2%2Ftags&post=267876"}],"curies":[{"name":"wp","href":"https:\/\/api.w.org\/{rel}","templated":true}]}}