{"id":267879,"date":"2022-12-29T07:52:41","date_gmt":"2022-12-29T05:52:41","guid":{"rendered":"http:\/\/107.6.182.27\/es\/?p=267879"},"modified":"2023-01-10T15:48:21","modified_gmt":"2023-01-10T13:48:21","slug":"taiwan-extiende-el-servicio-militar-y-china-responde-esperamos-que-no-se-conviertan-en-carne-de-canon","status":"publish","type":"post","link":"https:\/\/archive.sana.sy\/es\/?p=267879","title":{"rendered":"Taiw\u00e1n extiende el servicio militar y China responde: &#8220;Esperamos que no se conviertan en carne de ca\u00f1\u00f3n&#8221;"},"content":{"rendered":"<p style=\"text-align: justify;\"><span style=\"color: #800000;\"><strong>Pek\u00edn, 29 dic (SANA)<\/strong><\/span> En su comentario sobre la extensi\u00f3n del servicio militar obligatorio desde cuatro meses a un a\u00f1o en Taiw\u00e1n, el vocero del Ministerio de Exteriores chino, Wang Wenbin, dijo que su pa\u00eds no cree que la mayor\u00eda de los residentes de Taiw\u00e1n se conviertan en &#8220;carne de ca\u00f1\u00f3n&#8221; para &#8220;las fuerzas separatistas&#8221;.<\/p>\n<p style=\"text-align: justify;\">Citado por RT, Wang defendi\u00f3 en rueda de prensa que la &#8220;reunificaci\u00f3n completa&#8221; del pueblo chino es una &#8220;tendencia hist\u00f3rica que nadie puede parar&#8221;.<\/p>\n<p style=\"text-align: justify;\">&#8220;Creemos que la gran mayor\u00eda de nuestros compatriotas de Taiw\u00e1n son plenamente conscientes de lo que es correcto para la naci\u00f3n y no ser\u00e1n utilizados como carne de ca\u00f1\u00f3n por las fuerzas separatistas&#8221;, agreg\u00f3 el vocero.<\/p>\n<p style=\"text-align: justify;\"><em><strong>fm\/ws<\/strong><\/em><\/p>\n","protected":false},"excerpt":{"rendered":"<p>Pek\u00edn, 29 dic (SANA) En su comentario sobre la extensi\u00f3n del servicio militar obligatorio desde cuatro meses a un a\u00f1o en Taiw\u00e1n, el vocero del Ministerio de Exteriores chino, Wang Wenbin, dijo que su pa\u00eds no cree que la mayor\u00eda de los residentes de Taiw\u00e1n se conviertan en &#8220;carne de ca\u00f1\u00f3n&#8221; para &#8220;las fuerzas separatistas&#8221;. &hellip;<\/p>\n","protected":false},"author":35,"featured_media":267880,"comment_status":"closed","ping_status":"closed","sticky":false,"template":"","format":"standard","meta":{"footnotes":""},"categories":[597,456,20724,7541],"tags":[],"class_list":["post-267879","post","type-post","status-publish","format-standard","has-post-thumbnail","","category-cinta-de-noticias","category-arabe-internacional-politica","category-minuto-a-minuto","category-ultimas-noticias"],"_links":{"self":[{"href":"https:\/\/archive.sana.sy\/es\/index.php?rest_route=\/wp\/v2\/posts\/267879"}],"collection":[{"href":"https:\/\/archive.sana.sy\/es\/index.php?rest_route=\/wp\/v2\/posts"}],"about":[{"href":"https:\/\/archive.sana.sy\/es\/index.php?rest_route=\/wp\/v2\/types\/post"}],"author":[{"embeddable":true,"href":"https:\/\/archive.sana.sy\/es\/index.php?rest_route=\/wp\/v2\/users\/35"}],"replies":[{"embeddable":true,"href":"https:\/\/archive.sana.sy\/es\/index.php?rest_route=%2Fwp%2Fv2%2Fcomments&post=267879"}],"version-history":[{"count":0,"href":"https:\/\/archive.sana.sy\/es\/index.php?rest_route=\/wp\/v2\/posts\/267879\/revisions"}],"wp:featuredmedia":[{"embeddable":true,"href":"https:\/\/archive.sana.sy\/es\/index.php?rest_route=\/wp\/v2\/media\/267880"}],"wp:attachment":[{"href":"https:\/\/archive.sana.sy\/es\/index.php?rest_route=%2Fwp%2Fv2%2Fmedia&parent=267879"}],"wp:term":[{"taxonomy":"category","embeddable":true,"href":"https:\/\/archive.sana.sy\/es\/index.php?rest_route=%2Fwp%2Fv2%2Fcategories&post=267879"},{"taxonomy":"post_tag","embeddable":true,"href":"https:\/\/archive.sana.sy\/es\/index.php?rest_route=%2Fwp%2Fv2%2Ftags&post=267879"}],"curies":[{"name":"wp","href":"https:\/\/api.w.org\/{rel}","templated":true}]}}