{"id":267883,"date":"2022-12-29T09:31:15","date_gmt":"2022-12-29T07:31:15","guid":{"rendered":"http:\/\/107.6.182.27\/es\/?p=267883"},"modified":"2023-01-10T15:48:21","modified_gmt":"2023-01-10T13:48:21","slug":"las-fuerzas-de-ocupacion-israelies-arrestan-a-ocho-palestinos-en-cisjordania","status":"publish","type":"post","link":"https:\/\/archive.sana.sy\/es\/?p=267883","title":{"rendered":"Las fuerzas de ocupaci\u00f3n israel\u00edes arrestan a ocho palestinos en Cisjordania"},"content":{"rendered":"<blockquote>\n<p style=\"text-align: justify;\"><span style=\"color: #ff0000;\"><strong>La agencia de noticias Wafa inform\u00f3 que militares israel\u00edes asaltaron las localidades de Dora y Beit Ummar en Hebr\u00f3n, Beit Duqa en Jerusal\u00e9n, Al-Mughayer y Um Al-Safa en Ramallah, y arrestaron a ocho palestinos.<\/strong><\/span><\/p>\n<\/blockquote>\n<p style=\"text-align: justify;\">\n<span style=\"color: #800000;\"><strong>Jerusal\u00e9n ocupada, 29 dic (SANA)\u00a0<\/strong><\/span> Las fuerzas de ocupaci\u00f3n israel\u00edes arrestaron hoy a ocho palestinos en \u00e1reas separadas de Cisjordania.<\/p>\n<p>La agencia de noticias Wafa inform\u00f3 que militares israel\u00edes asaltaron las localidades de Dora y Beit Ummar en Hebr\u00f3n, Beit Duqa en Jerusal\u00e9n, Al-Mughayer y Um Al-Safa en Ramallah, y arrestaron a ocho palestinos.<\/p>\n<p>La v\u00edspera, las fuerzas de ocupaci\u00f3n arrestaron a diez palestinos en Cisjordania.<\/p>\n<p style=\"text-align: justify;\">\n<strong><em>fm\/ws<\/em><\/strong><\/p>\n","protected":false},"excerpt":{"rendered":"<p>La agencia de noticias Wafa inform\u00f3 que militares israel\u00edes asaltaron las localidades de Dora y Beit Ummar en Hebr\u00f3n, Beit Duqa en Jerusal\u00e9n, Al-Mughayer y Um Al-Safa en Ramallah, y arrestaron a ocho palestinos. Jerusal\u00e9n ocupada, 29 dic (SANA)\u00a0 Las fuerzas de ocupaci\u00f3n israel\u00edes arrestaron hoy a ocho palestinos en \u00e1reas separadas de Cisjordania. La &hellip;<\/p>\n","protected":false},"author":35,"featured_media":267884,"comment_status":"closed","ping_status":"closed","sticky":false,"template":"","format":"standard","meta":{"footnotes":""},"categories":[597,456,20724,7541],"tags":[],"class_list":["post-267883","post","type-post","status-publish","format-standard","has-post-thumbnail","","category-cinta-de-noticias","category-arabe-internacional-politica","category-minuto-a-minuto","category-ultimas-noticias"],"_links":{"self":[{"href":"https:\/\/archive.sana.sy\/es\/index.php?rest_route=\/wp\/v2\/posts\/267883"}],"collection":[{"href":"https:\/\/archive.sana.sy\/es\/index.php?rest_route=\/wp\/v2\/posts"}],"about":[{"href":"https:\/\/archive.sana.sy\/es\/index.php?rest_route=\/wp\/v2\/types\/post"}],"author":[{"embeddable":true,"href":"https:\/\/archive.sana.sy\/es\/index.php?rest_route=\/wp\/v2\/users\/35"}],"replies":[{"embeddable":true,"href":"https:\/\/archive.sana.sy\/es\/index.php?rest_route=%2Fwp%2Fv2%2Fcomments&post=267883"}],"version-history":[{"count":0,"href":"https:\/\/archive.sana.sy\/es\/index.php?rest_route=\/wp\/v2\/posts\/267883\/revisions"}],"wp:featuredmedia":[{"embeddable":true,"href":"https:\/\/archive.sana.sy\/es\/index.php?rest_route=\/wp\/v2\/media\/267884"}],"wp:attachment":[{"href":"https:\/\/archive.sana.sy\/es\/index.php?rest_route=%2Fwp%2Fv2%2Fmedia&parent=267883"}],"wp:term":[{"taxonomy":"category","embeddable":true,"href":"https:\/\/archive.sana.sy\/es\/index.php?rest_route=%2Fwp%2Fv2%2Fcategories&post=267883"},{"taxonomy":"post_tag","embeddable":true,"href":"https:\/\/archive.sana.sy\/es\/index.php?rest_route=%2Fwp%2Fv2%2Ftags&post=267883"}],"curies":[{"name":"wp","href":"https:\/\/api.w.org\/{rel}","templated":true}]}}