{"id":267911,"date":"2022-12-29T14:32:49","date_gmt":"2022-12-29T12:32:49","guid":{"rendered":"http:\/\/107.6.182.27\/es\/?p=267911"},"modified":"2023-01-10T15:48:20","modified_gmt":"2023-01-10T13:48:20","slug":"un-misil-antiaereo-s-300-ucraniano-cae-en-territorio-de-bielorrusia","status":"publish","type":"post","link":"https:\/\/archive.sana.sy\/es\/?p=267911","title":{"rendered":"Un misil antia\u00e9reo S-300 ucraniano cae en territorio de Bielorrusia"},"content":{"rendered":"<blockquote>\n<p style=\"text-align: justify;\"><span style=\"color: #ff6600;\"><strong>El presidente bielorruso, Alex\u00e1nder Lukashenko, fue informado del incidente y dio instrucciones a un equipo de expertos de la Comit\u00e9 de Investigaci\u00f3n y del Ministerio de Defensa para establecer las causas de la ca\u00edda.<\/strong><\/span><\/p>\n<\/blockquote>\n<p style=\"text-align: justify;\"><span style=\"color: #800000;\"><strong>Minsk, 29 dic (SANA)<\/strong><\/span> Un misil antia\u00e9reo S-300 lanzado desde Ucrania cay\u00f3 cerca de la ciudad bielorrusa de Iv\u00e1novo, en la provincia de Brest, informa la agencia local Belta.<\/p>\n<p style=\"text-align: justify;\">Por el momento no hay informaci\u00f3n sobre posibles v\u00edctimas.<\/p>\n<p style=\"text-align: justify;\">El presidente bielorruso, Alex\u00e1nder Lukashenko, fue informado del incidente y dio instrucciones a un equipo de expertos de la Comit\u00e9 de Investigaci\u00f3n y del Ministerio de Defensa para establecer las causas de la ca\u00edda.<\/p>\n<p style=\"text-align: justify;\"><em><strong>fm\/ah<\/strong><\/em><\/p>\n","protected":false},"excerpt":{"rendered":"<p>El presidente bielorruso, Alex\u00e1nder Lukashenko, fue informado del incidente y dio instrucciones a un equipo de expertos de la Comit\u00e9 de Investigaci\u00f3n y del Ministerio de Defensa para establecer las causas de la ca\u00edda. Minsk, 29 dic (SANA) Un misil antia\u00e9reo S-300 lanzado desde Ucrania cay\u00f3 cerca de la ciudad bielorrusa de Iv\u00e1novo, en la &hellip;<\/p>\n","protected":false},"author":30,"featured_media":267912,"comment_status":"closed","ping_status":"closed","sticky":false,"template":"","format":"standard","meta":{"footnotes":""},"categories":[597,456,20724,7541],"tags":[],"class_list":["post-267911","post","type-post","status-publish","format-standard","has-post-thumbnail","","category-cinta-de-noticias","category-arabe-internacional-politica","category-minuto-a-minuto","category-ultimas-noticias"],"_links":{"self":[{"href":"https:\/\/archive.sana.sy\/es\/index.php?rest_route=\/wp\/v2\/posts\/267911"}],"collection":[{"href":"https:\/\/archive.sana.sy\/es\/index.php?rest_route=\/wp\/v2\/posts"}],"about":[{"href":"https:\/\/archive.sana.sy\/es\/index.php?rest_route=\/wp\/v2\/types\/post"}],"author":[{"embeddable":true,"href":"https:\/\/archive.sana.sy\/es\/index.php?rest_route=\/wp\/v2\/users\/30"}],"replies":[{"embeddable":true,"href":"https:\/\/archive.sana.sy\/es\/index.php?rest_route=%2Fwp%2Fv2%2Fcomments&post=267911"}],"version-history":[{"count":0,"href":"https:\/\/archive.sana.sy\/es\/index.php?rest_route=\/wp\/v2\/posts\/267911\/revisions"}],"wp:featuredmedia":[{"embeddable":true,"href":"https:\/\/archive.sana.sy\/es\/index.php?rest_route=\/wp\/v2\/media\/267912"}],"wp:attachment":[{"href":"https:\/\/archive.sana.sy\/es\/index.php?rest_route=%2Fwp%2Fv2%2Fmedia&parent=267911"}],"wp:term":[{"taxonomy":"category","embeddable":true,"href":"https:\/\/archive.sana.sy\/es\/index.php?rest_route=%2Fwp%2Fv2%2Fcategories&post=267911"},{"taxonomy":"post_tag","embeddable":true,"href":"https:\/\/archive.sana.sy\/es\/index.php?rest_route=%2Fwp%2Fv2%2Ftags&post=267911"}],"curies":[{"name":"wp","href":"https:\/\/api.w.org\/{rel}","templated":true}]}}