{"id":267916,"date":"2022-12-29T15:23:25","date_gmt":"2022-12-29T13:23:25","guid":{"rendered":"http:\/\/107.6.182.27\/es\/?p=267916"},"modified":"2023-01-10T15:48:19","modified_gmt":"2023-01-10T13:48:19","slug":"capturan-en-rusia-a-un-agente-de-la-inteligencia-ucraniana","status":"publish","type":"post","link":"https:\/\/archive.sana.sy\/es\/?p=267916","title":{"rendered":"Capturan en Rusia a un agente de la inteligencia ucraniana"},"content":{"rendered":"<blockquote>\n<p style=\"text-align: justify;\"><span style=\"color: #ff6600;\"><strong>&#8220;Sus tareas incluyeron recopilar y enviar informaci\u00f3n sobre los lugares de despliegue, el n\u00famero de unidades de las Fuerzas Armadas de Federaci\u00f3n de Rusia, las rutas de sus desplazamientos y los tipos de equipos y armas utilizadas en la operaci\u00f3n militar especial&#8221;<\/strong><\/span><\/p>\n<\/blockquote>\n<p style=\"text-align: justify;\"><span style=\"color: #800000;\"><strong>Mosc\u00fa, 29 dic (SANA)<\/strong><\/span> Las fuerzas de seguridad rusas capturaron a un agente de los servicios especiales ucranianos que recopilaba datos sobre las Fuerzas Armadas rusas.<\/p>\n<p style=\"text-align: justify;\">&#8220;Sus tareas incluyeron recopilar y enviar informaci\u00f3n sobre los lugares de despliegue, el n\u00famero de unidades de las Fuerzas Armadas de Federaci\u00f3n de Rusia, las rutas de sus desplazamientos y los tipos de equipos y armas utilizadas en la operaci\u00f3n militar especial&#8221;, informaron dichas fuerzas citadas por RT.<\/p>\n<p style=\"text-align: justify;\"><em><strong>fm\/ah<\/strong><\/em><\/p>\n","protected":false},"excerpt":{"rendered":"<p>&#8220;Sus tareas incluyeron recopilar y enviar informaci\u00f3n sobre los lugares de despliegue, el n\u00famero de unidades de las Fuerzas Armadas de Federaci\u00f3n de Rusia, las rutas de sus desplazamientos y los tipos de equipos y armas utilizadas en la operaci\u00f3n militar especial&#8221; Mosc\u00fa, 29 dic (SANA) Las fuerzas de seguridad rusas capturaron a un agente &hellip;<\/p>\n","protected":false},"author":30,"featured_media":267917,"comment_status":"closed","ping_status":"closed","sticky":false,"template":"","format":"standard","meta":{"footnotes":""},"categories":[456,20724],"tags":[],"class_list":["post-267916","post","type-post","status-publish","format-standard","has-post-thumbnail","","category-arabe-internacional-politica","category-minuto-a-minuto"],"_links":{"self":[{"href":"https:\/\/archive.sana.sy\/es\/index.php?rest_route=\/wp\/v2\/posts\/267916"}],"collection":[{"href":"https:\/\/archive.sana.sy\/es\/index.php?rest_route=\/wp\/v2\/posts"}],"about":[{"href":"https:\/\/archive.sana.sy\/es\/index.php?rest_route=\/wp\/v2\/types\/post"}],"author":[{"embeddable":true,"href":"https:\/\/archive.sana.sy\/es\/index.php?rest_route=\/wp\/v2\/users\/30"}],"replies":[{"embeddable":true,"href":"https:\/\/archive.sana.sy\/es\/index.php?rest_route=%2Fwp%2Fv2%2Fcomments&post=267916"}],"version-history":[{"count":0,"href":"https:\/\/archive.sana.sy\/es\/index.php?rest_route=\/wp\/v2\/posts\/267916\/revisions"}],"wp:featuredmedia":[{"embeddable":true,"href":"https:\/\/archive.sana.sy\/es\/index.php?rest_route=\/wp\/v2\/media\/267917"}],"wp:attachment":[{"href":"https:\/\/archive.sana.sy\/es\/index.php?rest_route=%2Fwp%2Fv2%2Fmedia&parent=267916"}],"wp:term":[{"taxonomy":"category","embeddable":true,"href":"https:\/\/archive.sana.sy\/es\/index.php?rest_route=%2Fwp%2Fv2%2Fcategories&post=267916"},{"taxonomy":"post_tag","embeddable":true,"href":"https:\/\/archive.sana.sy\/es\/index.php?rest_route=%2Fwp%2Fv2%2Ftags&post=267916"}],"curies":[{"name":"wp","href":"https:\/\/api.w.org\/{rel}","templated":true}]}}