{"id":267919,"date":"2022-12-29T15:27:09","date_gmt":"2022-12-29T13:27:09","guid":{"rendered":"http:\/\/107.6.182.27\/es\/?p=267919"},"modified":"2023-01-10T15:48:19","modified_gmt":"2023-01-10T13:48:19","slug":"defensa-antiaerea-rusa-intercepto-un-dron-ucraniano-cerca-de-un-aerodromo-militar","status":"publish","type":"post","link":"https:\/\/archive.sana.sy\/es\/?p=267919","title":{"rendered":"Defensa antia\u00e9rea rusa intercept\u00f3 un dron ucraniano cerca de un aer\u00f3dromo militar"},"content":{"rendered":"<blockquote>\n<p style=\"text-align: justify;\"><strong><span style=\"color: #ff6600;\">&#8220;No hubo heridos, pero como consecuencia de la ca\u00edda de los restos del dron resultaron da\u00f1ados una valla de una casa privada, un veh\u00edculo y un garaje&#8221;<\/span><\/strong><\/p>\n<\/blockquote>\n<p style=\"text-align: justify;\"><span style=\"color: #800000;\"><strong>Mosc\u00fa, 29 dic (SANA)<\/strong><\/span> Un dron fue derribado por la defensa antia\u00e9rea de Rusia en la provincia rusa de Sar\u00e1tov.<\/p>\n<p style=\"text-align: justify;\">El aparato fue interceptado cerca de un aer\u00f3dromo militar que alberga bombarderos estrat\u00e9gicos, inform\u00f3 el gobernador provincial, Rom\u00e1n Busarguin, citado por RT.<\/p>\n<p style=\"text-align: justify;\">Se\u00f1al\u00f3 que no hubo heridos, pero como consecuencia de la ca\u00edda de los restos del dron resultaron da\u00f1ados una valla de una casa privada, un veh\u00edculo y un garaje.<\/p>\n<p style=\"text-align: justify;\"><em><strong>fm\/ah<\/strong><\/em><\/p>\n","protected":false},"excerpt":{"rendered":"<p>&#8220;No hubo heridos, pero como consecuencia de la ca\u00edda de los restos del dron resultaron da\u00f1ados una valla de una casa privada, un veh\u00edculo y un garaje&#8221; Mosc\u00fa, 29 dic (SANA) Un dron fue derribado por la defensa antia\u00e9rea de Rusia en la provincia rusa de Sar\u00e1tov. El aparato fue interceptado cerca de un aer\u00f3dromo &hellip;<\/p>\n","protected":false},"author":30,"featured_media":267921,"comment_status":"closed","ping_status":"closed","sticky":false,"template":"","format":"standard","meta":{"footnotes":""},"categories":[456,20724],"tags":[],"class_list":["post-267919","post","type-post","status-publish","format-standard","has-post-thumbnail","","category-arabe-internacional-politica","category-minuto-a-minuto"],"_links":{"self":[{"href":"https:\/\/archive.sana.sy\/es\/index.php?rest_route=\/wp\/v2\/posts\/267919"}],"collection":[{"href":"https:\/\/archive.sana.sy\/es\/index.php?rest_route=\/wp\/v2\/posts"}],"about":[{"href":"https:\/\/archive.sana.sy\/es\/index.php?rest_route=\/wp\/v2\/types\/post"}],"author":[{"embeddable":true,"href":"https:\/\/archive.sana.sy\/es\/index.php?rest_route=\/wp\/v2\/users\/30"}],"replies":[{"embeddable":true,"href":"https:\/\/archive.sana.sy\/es\/index.php?rest_route=%2Fwp%2Fv2%2Fcomments&post=267919"}],"version-history":[{"count":0,"href":"https:\/\/archive.sana.sy\/es\/index.php?rest_route=\/wp\/v2\/posts\/267919\/revisions"}],"wp:featuredmedia":[{"embeddable":true,"href":"https:\/\/archive.sana.sy\/es\/index.php?rest_route=\/wp\/v2\/media\/267921"}],"wp:attachment":[{"href":"https:\/\/archive.sana.sy\/es\/index.php?rest_route=%2Fwp%2Fv2%2Fmedia&parent=267919"}],"wp:term":[{"taxonomy":"category","embeddable":true,"href":"https:\/\/archive.sana.sy\/es\/index.php?rest_route=%2Fwp%2Fv2%2Fcategories&post=267919"},{"taxonomy":"post_tag","embeddable":true,"href":"https:\/\/archive.sana.sy\/es\/index.php?rest_route=%2Fwp%2Fv2%2Ftags&post=267919"}],"curies":[{"name":"wp","href":"https:\/\/api.w.org\/{rel}","templated":true}]}}