{"id":267933,"date":"2022-12-29T17:44:13","date_gmt":"2022-12-29T15:44:13","guid":{"rendered":"http:\/\/107.6.182.27\/es\/?p=267933"},"modified":"2022-12-29T19:07:04","modified_gmt":"2022-12-29T17:07:04","slug":"bajo-los-auspicios-del-presidente-al-asad-egresada-una-nueva-promocion-de-oficiales-de-la-academia-militar-superior","status":"publish","type":"post","link":"https:\/\/archive.sana.sy\/es\/?p=267933","title":{"rendered":"Bajo auspicios del presidente al-Assad, egresada nueva promoci\u00f3n de oficiales de la Academia Militar Superior"},"content":{"rendered":"<p style=\"text-align: justify;\"><span style=\"color: #800000;\"><strong>Damasco, 29 dic (SANA) <\/strong><\/span>Bajo el patrocinio del presidente Bashar al-Assad, Comandante General del Ej\u00e9rcito y las Fuerzas Armadas, se celebr\u00f3 hoy la egresi\u00f3n de la 17\u00aa promoci\u00f3n de oficiales de la Academia Militar Superior (Comando y Estado Mayor).<\/p>\n<p style=\"text-align: justify;\">El jefe del Estado Mayor del Ej\u00e9rcito y las Fuerzas Armadas, el general Abdul Karim Mahmoud Ibrahim, encabez\u00f3 el acto en nombre del Presidente al-Assad.<\/p>\n<p style=\"text-align: justify;\">La ceremonia se inaugur\u00f3 con un minuto de silencio en homenaje a los m\u00e1rtires, luego fue entonado el himno nacional de la Rep\u00fablica \u00c1rabe de Siria.<\/p>\n<p style=\"text-align: justify;\">El General representante del auspiciador del acto pronunci\u00f3 un discurso en que transmiti\u00f3 las felicitaciones del presidente a los oficiales egresados y sus deseos de \u00e9xito en su deber sagrado de defender la patria.<\/p>\n<p style=\"text-align: justify;\">\u201cEsta promoci\u00f3n est\u00e1 altamente cualificada y sus conocimientos son fortalecidos con experiencias en el campo\u201d, resalt\u00f3 el alto rango militar.<\/p>\n<p style=\"text-align: justify;\">Asimismo, ratific\u00f3 que las valientes Fuerzas Armadas Sirias seguir\u00e1n siendo la fortaleza impenetrable de la patria.<\/p>\n<p style=\"text-align: justify;\">A su vez, el Director de la Academia pronunci\u00f3 un discurso en el que afirm\u00f3 que esta instituci\u00f3n militar forma a los cursantes en ciencias militares modernas, mejora sus experiencias y desarrolla sus habilidades en el trabajo de liderazgo acorde con las condiciones de la guerra moderna.<\/p>\n<p style=\"text-align: justify;\">El acto concluy\u00f3 con el himno nacional de la Rep\u00fablica \u00c1rabe Siria.<\/p>\n<p style=\"text-align: justify;\"><em><strong>ah\/fm<\/strong><\/em><\/p>\n<div id='gallery-1' class='gallery galleryid-267933 gallery-columns-1 gallery-size-full'><figure class='gallery-item'>\n\t\t\t<div class='gallery-icon landscape'>\n\t\t\t\t<a href='https:\/\/archive.sana.sy\/es\/wp-content\/uploads\/2022\/12\/photo_2022-12-29_17-54-21.jpg'><img loading=\"lazy\" decoding=\"async\" width=\"1280\" height=\"854\" src=\"https:\/\/archive.sana.sy\/es\/wp-content\/uploads\/2022\/12\/photo_2022-12-29_17-54-21.jpg\" class=\"attachment-full size-full\" alt=\"\" srcset=\"https:\/\/archive.sana.sy\/es\/wp-content\/uploads\/2022\/12\/photo_2022-12-29_17-54-21.jpg 1280w, https:\/\/archive.sana.sy\/es\/wp-content\/uploads\/2022\/12\/photo_2022-12-29_17-54-21-300x200.jpg 300w, https:\/\/archive.sana.sy\/es\/wp-content\/uploads\/2022\/12\/photo_2022-12-29_17-54-21-1024x683.jpg 1024w, https:\/\/archive.sana.sy\/es\/wp-content\/uploads\/2022\/12\/photo_2022-12-29_17-54-21-150x100.jpg 150w, https:\/\/archive.sana.sy\/es\/wp-content\/uploads\/2022\/12\/photo_2022-12-29_17-54-21-768x512.jpg 768w\" sizes=\"(max-width: 1280px) 100vw, 1280px\" \/><\/a>\n\t\t\t<\/div><\/figure><figure class='gallery-item'>\n\t\t\t<div class='gallery-icon landscape'>\n\t\t\t\t<a href='https:\/\/archive.sana.sy\/es\/wp-content\/uploads\/2022\/12\/photo_2022-12-29_17-54-22.jpg'><img loading=\"lazy\" decoding=\"async\" width=\"1280\" height=\"1230\" src=\"https:\/\/archive.sana.sy\/es\/wp-content\/uploads\/2022\/12\/photo_2022-12-29_17-54-22.jpg\" class=\"attachment-full size-full\" alt=\"\" srcset=\"https:\/\/archive.sana.sy\/es\/wp-content\/uploads\/2022\/12\/photo_2022-12-29_17-54-22.jpg 1280w, https:\/\/archive.sana.sy\/es\/wp-content\/uploads\/2022\/12\/photo_2022-12-29_17-54-22-300x288.jpg 300w, https:\/\/archive.sana.sy\/es\/wp-content\/uploads\/2022\/12\/photo_2022-12-29_17-54-22-1024x984.jpg 1024w, https:\/\/archive.sana.sy\/es\/wp-content\/uploads\/2022\/12\/photo_2022-12-29_17-54-22-150x144.jpg 150w, https:\/\/archive.sana.sy\/es\/wp-content\/uploads\/2022\/12\/photo_2022-12-29_17-54-22-768x738.jpg 768w\" sizes=\"(max-width: 1280px) 100vw, 1280px\" \/><\/a>\n\t\t\t<\/div><\/figure><figure class='gallery-item'>\n\t\t\t<div class='gallery-icon landscape'>\n\t\t\t\t<a href='https:\/\/archive.sana.sy\/es\/wp-content\/uploads\/2022\/12\/photo_2022-12-29_17-54-23.jpg'><img loading=\"lazy\" decoding=\"async\" width=\"1280\" height=\"853\" src=\"https:\/\/archive.sana.sy\/es\/wp-content\/uploads\/2022\/12\/photo_2022-12-29_17-54-23.jpg\" class=\"attachment-full size-full\" alt=\"\" srcset=\"https:\/\/archive.sana.sy\/es\/wp-content\/uploads\/2022\/12\/photo_2022-12-29_17-54-23.jpg 1280w, https:\/\/archive.sana.sy\/es\/wp-content\/uploads\/2022\/12\/photo_2022-12-29_17-54-23-300x200.jpg 300w, https:\/\/archive.sana.sy\/es\/wp-content\/uploads\/2022\/12\/photo_2022-12-29_17-54-23-1024x682.jpg 1024w, https:\/\/archive.sana.sy\/es\/wp-content\/uploads\/2022\/12\/photo_2022-12-29_17-54-23-150x100.jpg 150w, https:\/\/archive.sana.sy\/es\/wp-content\/uploads\/2022\/12\/photo_2022-12-29_17-54-23-768x512.jpg 768w\" sizes=\"(max-width: 1280px) 100vw, 1280px\" \/><\/a>\n\t\t\t<\/div><\/figure><figure class='gallery-item'>\n\t\t\t<div class='gallery-icon landscape'>\n\t\t\t\t<a href='https:\/\/archive.sana.sy\/es\/wp-content\/uploads\/2022\/12\/photo_2022-12-29_17-54-25.jpg'><img loading=\"lazy\" decoding=\"async\" width=\"1280\" height=\"853\" src=\"https:\/\/archive.sana.sy\/es\/wp-content\/uploads\/2022\/12\/photo_2022-12-29_17-54-25.jpg\" class=\"attachment-full size-full\" alt=\"\" srcset=\"https:\/\/archive.sana.sy\/es\/wp-content\/uploads\/2022\/12\/photo_2022-12-29_17-54-25.jpg 1280w, https:\/\/archive.sana.sy\/es\/wp-content\/uploads\/2022\/12\/photo_2022-12-29_17-54-25-300x200.jpg 300w, https:\/\/archive.sana.sy\/es\/wp-content\/uploads\/2022\/12\/photo_2022-12-29_17-54-25-1024x682.jpg 1024w, https:\/\/archive.sana.sy\/es\/wp-content\/uploads\/2022\/12\/photo_2022-12-29_17-54-25-150x100.jpg 150w, https:\/\/archive.sana.sy\/es\/wp-content\/uploads\/2022\/12\/photo_2022-12-29_17-54-25-768x512.jpg 768w\" sizes=\"(max-width: 1280px) 100vw, 1280px\" \/><\/a>\n\t\t\t<\/div><\/figure><figure class='gallery-item'>\n\t\t\t<div class='gallery-icon landscape'>\n\t\t\t\t<a href='https:\/\/archive.sana.sy\/es\/wp-content\/uploads\/2022\/12\/photo_2022-12-29_17-54-26.jpg'><img loading=\"lazy\" decoding=\"async\" width=\"1280\" height=\"853\" src=\"https:\/\/archive.sana.sy\/es\/wp-content\/uploads\/2022\/12\/photo_2022-12-29_17-54-26.jpg\" class=\"attachment-full size-full\" alt=\"\" srcset=\"https:\/\/archive.sana.sy\/es\/wp-content\/uploads\/2022\/12\/photo_2022-12-29_17-54-26.jpg 1280w, https:\/\/archive.sana.sy\/es\/wp-content\/uploads\/2022\/12\/photo_2022-12-29_17-54-26-300x200.jpg 300w, https:\/\/archive.sana.sy\/es\/wp-content\/uploads\/2022\/12\/photo_2022-12-29_17-54-26-1024x682.jpg 1024w, https:\/\/archive.sana.sy\/es\/wp-content\/uploads\/2022\/12\/photo_2022-12-29_17-54-26-150x100.jpg 150w, https:\/\/archive.sana.sy\/es\/wp-content\/uploads\/2022\/12\/photo_2022-12-29_17-54-26-768x512.jpg 768w\" sizes=\"(max-width: 1280px) 100vw, 1280px\" \/><\/a>\n\t\t\t<\/div><\/figure><figure class='gallery-item'>\n\t\t\t<div class='gallery-icon landscape'>\n\t\t\t\t<a href='https:\/\/archive.sana.sy\/es\/wp-content\/uploads\/2022\/12\/photo_2022-12-29_17-54-26-.jpg'><img loading=\"lazy\" decoding=\"async\" width=\"660\" height=\"370\" src=\"https:\/\/archive.sana.sy\/es\/wp-content\/uploads\/2022\/12\/photo_2022-12-29_17-54-26-.jpg\" class=\"attachment-full size-full\" alt=\"\" srcset=\"https:\/\/archive.sana.sy\/es\/wp-content\/uploads\/2022\/12\/photo_2022-12-29_17-54-26-.jpg 660w, https:\/\/archive.sana.sy\/es\/wp-content\/uploads\/2022\/12\/photo_2022-12-29_17-54-26--300x168.jpg 300w, https:\/\/archive.sana.sy\/es\/wp-content\/uploads\/2022\/12\/photo_2022-12-29_17-54-26--150x84.jpg 150w\" sizes=\"(max-width: 660px) 100vw, 660px\" \/><\/a>\n\t\t\t<\/div><\/figure><figure class='gallery-item'>\n\t\t\t<div class='gallery-icon landscape'>\n\t\t\t\t<a href='https:\/\/archive.sana.sy\/es\/wp-content\/uploads\/2022\/12\/photo_2022-12-29_17-54-26-3.jpg'><img loading=\"lazy\" decoding=\"async\" width=\"1280\" height=\"927\" src=\"https:\/\/archive.sana.sy\/es\/wp-content\/uploads\/2022\/12\/photo_2022-12-29_17-54-26-3.jpg\" class=\"attachment-full size-full\" alt=\"\" srcset=\"https:\/\/archive.sana.sy\/es\/wp-content\/uploads\/2022\/12\/photo_2022-12-29_17-54-26-3.jpg 1280w, https:\/\/archive.sana.sy\/es\/wp-content\/uploads\/2022\/12\/photo_2022-12-29_17-54-26-3-300x217.jpg 300w, https:\/\/archive.sana.sy\/es\/wp-content\/uploads\/2022\/12\/photo_2022-12-29_17-54-26-3-1024x742.jpg 1024w, https:\/\/archive.sana.sy\/es\/wp-content\/uploads\/2022\/12\/photo_2022-12-29_17-54-26-3-150x109.jpg 150w, https:\/\/archive.sana.sy\/es\/wp-content\/uploads\/2022\/12\/photo_2022-12-29_17-54-26-3-768x556.jpg 768w\" sizes=\"(max-width: 1280px) 100vw, 1280px\" \/><\/a>\n\t\t\t<\/div><\/figure><figure class='gallery-item'>\n\t\t\t<div class='gallery-icon landscape'>\n\t\t\t\t<a href='https:\/\/archive.sana.sy\/es\/wp-content\/uploads\/2022\/12\/Untitled-4-copy-8-660x330-1.jpg'><img loading=\"lazy\" decoding=\"async\" width=\"660\" height=\"330\" src=\"https:\/\/archive.sana.sy\/es\/wp-content\/uploads\/2022\/12\/Untitled-4-copy-8-660x330-1.jpg\" class=\"attachment-full size-full\" alt=\"\" srcset=\"https:\/\/archive.sana.sy\/es\/wp-content\/uploads\/2022\/12\/Untitled-4-copy-8-660x330-1.jpg 660w, https:\/\/archive.sana.sy\/es\/wp-content\/uploads\/2022\/12\/Untitled-4-copy-8-660x330-1-300x150.jpg 300w, https:\/\/archive.sana.sy\/es\/wp-content\/uploads\/2022\/12\/Untitled-4-copy-8-660x330-1-150x75.jpg 150w\" sizes=\"(max-width: 660px) 100vw, 660px\" \/><\/a>\n\t\t\t<\/div><\/figure>\n\t\t<\/div>\n\n","protected":false},"excerpt":{"rendered":"<p>Damasco, 29 dic (SANA) Bajo el patrocinio del presidente Bashar al-Assad, Comandante General del Ej\u00e9rcito y las Fuerzas Armadas, se celebr\u00f3 hoy la egresi\u00f3n de la 17\u00aa promoci\u00f3n de oficiales de la Academia Militar Superior (Comando y Estado Mayor). El jefe del Estado Mayor del Ej\u00e9rcito y las Fuerzas Armadas, el general Abdul Karim Mahmoud &hellip;<\/p>\n","protected":false},"author":30,"featured_media":267936,"comment_status":"closed","ping_status":"closed","sticky":false,"template":"","format":"standard","meta":{"footnotes":""},"categories":[477,597,573,20724,476,583],"tags":[],"class_list":["post-267933","post","type-post","status-publish","format-standard","has-post-thumbnail","","category-noticias-edulcorantes","category-cinta-de-noticias","category-la-realidad-de-los-acontecimientos-en-siria","category-minuto-a-minuto","category-locales","category-slide"],"_links":{"self":[{"href":"https:\/\/archive.sana.sy\/es\/index.php?rest_route=\/wp\/v2\/posts\/267933"}],"collection":[{"href":"https:\/\/archive.sana.sy\/es\/index.php?rest_route=\/wp\/v2\/posts"}],"about":[{"href":"https:\/\/archive.sana.sy\/es\/index.php?rest_route=\/wp\/v2\/types\/post"}],"author":[{"embeddable":true,"href":"https:\/\/archive.sana.sy\/es\/index.php?rest_route=\/wp\/v2\/users\/30"}],"replies":[{"embeddable":true,"href":"https:\/\/archive.sana.sy\/es\/index.php?rest_route=%2Fwp%2Fv2%2Fcomments&post=267933"}],"version-history":[{"count":0,"href":"https:\/\/archive.sana.sy\/es\/index.php?rest_route=\/wp\/v2\/posts\/267933\/revisions"}],"wp:featuredmedia":[{"embeddable":true,"href":"https:\/\/archive.sana.sy\/es\/index.php?rest_route=\/wp\/v2\/media\/267936"}],"wp:attachment":[{"href":"https:\/\/archive.sana.sy\/es\/index.php?rest_route=%2Fwp%2Fv2%2Fmedia&parent=267933"}],"wp:term":[{"taxonomy":"category","embeddable":true,"href":"https:\/\/archive.sana.sy\/es\/index.php?rest_route=%2Fwp%2Fv2%2Fcategories&post=267933"},{"taxonomy":"post_tag","embeddable":true,"href":"https:\/\/archive.sana.sy\/es\/index.php?rest_route=%2Fwp%2Fv2%2Ftags&post=267933"}],"curies":[{"name":"wp","href":"https:\/\/api.w.org\/{rel}","templated":true}]}}