{"id":267943,"date":"2022-12-29T17:56:15","date_gmt":"2022-12-29T15:56:15","guid":{"rendered":"http:\/\/107.6.182.27\/es\/?p=267943"},"modified":"2023-01-10T15:48:19","modified_gmt":"2023-01-10T13:48:19","slug":"putin-decreta-medidas-especiales-para-el-comercio-exterior","status":"publish","type":"post","link":"https:\/\/archive.sana.sy\/es\/?p=267943","title":{"rendered":"Putin decreta medidas especiales para el comercio exterior"},"content":{"rendered":"<p style=\"text-align: justify;\"><span style=\"color: #800000;\"><strong>Mosc\u00fa, 29 dic (SANA)<\/strong> <\/span>El presidente ruso, Vladimir Putin, firm\u00f3 hoy un decreto que complementa las medidas especiales en t\u00e9rminos del comercio exterior.<\/p>\n<p style=\"text-align: justify;\">El decreto presidencial ruso aumenta los aranceles de exportaci\u00f3n e importaci\u00f3n sobre algunos bienes y materias primas.<\/p>\n<p style=\"text-align: justify;\">El decreto introduce enmiendas al decreto emitido por el Presidente ruso No. 100 de 2022 sobre la aplicaci\u00f3n de medidas econ\u00f3micas especiales en el campo de la actividad econ\u00f3mica extranjera para garantizar la seguridad de Rusia.<\/p>\n<p>ah<\/p>\n","protected":false},"excerpt":{"rendered":"<p>Mosc\u00fa, 29 dic (SANA) El presidente ruso, Vladimir Putin, firm\u00f3 hoy un decreto que complementa las medidas especiales en t\u00e9rminos del comercio exterior. El decreto presidencial ruso aumenta los aranceles de exportaci\u00f3n e importaci\u00f3n sobre algunos bienes y materias primas. El decreto introduce enmiendas al decreto emitido por el Presidente ruso No. 100 de 2022 &hellip;<\/p>\n","protected":false},"author":30,"featured_media":267944,"comment_status":"closed","ping_status":"closed","sticky":false,"template":"","format":"standard","meta":{"footnotes":""},"categories":[16686,485,456,20724],"tags":[],"class_list":["post-267943","post","type-post","status-publish","format-standard","has-post-thumbnail","","category-economia","category-informes-negocios-y-finanzas","category-arabe-internacional-politica","category-minuto-a-minuto"],"_links":{"self":[{"href":"https:\/\/archive.sana.sy\/es\/index.php?rest_route=\/wp\/v2\/posts\/267943"}],"collection":[{"href":"https:\/\/archive.sana.sy\/es\/index.php?rest_route=\/wp\/v2\/posts"}],"about":[{"href":"https:\/\/archive.sana.sy\/es\/index.php?rest_route=\/wp\/v2\/types\/post"}],"author":[{"embeddable":true,"href":"https:\/\/archive.sana.sy\/es\/index.php?rest_route=\/wp\/v2\/users\/30"}],"replies":[{"embeddable":true,"href":"https:\/\/archive.sana.sy\/es\/index.php?rest_route=%2Fwp%2Fv2%2Fcomments&post=267943"}],"version-history":[{"count":0,"href":"https:\/\/archive.sana.sy\/es\/index.php?rest_route=\/wp\/v2\/posts\/267943\/revisions"}],"wp:featuredmedia":[{"embeddable":true,"href":"https:\/\/archive.sana.sy\/es\/index.php?rest_route=\/wp\/v2\/media\/267944"}],"wp:attachment":[{"href":"https:\/\/archive.sana.sy\/es\/index.php?rest_route=%2Fwp%2Fv2%2Fmedia&parent=267943"}],"wp:term":[{"taxonomy":"category","embeddable":true,"href":"https:\/\/archive.sana.sy\/es\/index.php?rest_route=%2Fwp%2Fv2%2Fcategories&post=267943"},{"taxonomy":"post_tag","embeddable":true,"href":"https:\/\/archive.sana.sy\/es\/index.php?rest_route=%2Fwp%2Fv2%2Ftags&post=267943"}],"curies":[{"name":"wp","href":"https:\/\/api.w.org\/{rel}","templated":true}]}}