{"id":267967,"date":"2022-12-30T13:20:37","date_gmt":"2022-12-30T11:20:37","guid":{"rendered":"http:\/\/107.6.182.27\/es\/?p=267967"},"modified":"2023-01-10T15:48:19","modified_gmt":"2023-01-10T13:48:19","slug":"tormenta-invernal-en-eeuu-deja-61-muertos","status":"publish","type":"post","link":"https:\/\/archive.sana.sy\/es\/?p=267967","title":{"rendered":"Tormenta invernal en EEUU deja 61 muertos"},"content":{"rendered":"<p style=\"text-align: justify;\">Washington, 30 dic (SANA) La cifra de muertos por la hist\u00f3rica tormenta invernal que afect\u00f3 gran parte de Estados Unidos subi\u00f3 a 61 hasta la fecha, seg\u00fan cit\u00f3 AFP \u00a0a Mark Poloncarz, un funcionario local de Nueva York.<\/p>\n<p style=\"text-align: justify;\">\u201cDos nuevos muertes se registraron en Nueva York, ciudad de Buffalo, epicentro de la tormenta, donde al menos 39 personas murieron all\u00ed y es probable que el n\u00famero de v\u00edctimas siga subiendo m\u00e1s\u201d, dijo Poloncarza.<\/p>\n<p style=\"text-align: justify;\">Asimismo, Polonkarz inform\u00f3 que la electricidad hab\u00eda sido restaurada en todas las partes de Nueva York, que generalmente experimenta inviernos duros.<\/p>\n<p style=\"text-align: justify;\">La tormenta que azota EE.UU. caus\u00f3 grandes trastornos en los aeropuertos, con la cancelaci\u00f3n de miles de vuelos, y tan ca\u00f3tica que los equipos de rescate locales se encontraron varados e incapaces de ayudar, mientras que el clima fr\u00edo domin\u00f3 gran parte del pa\u00eds.<\/p>\n<p style=\"text-align: justify;\"><em><strong>ah<\/strong><\/em><\/p>\n<p style=\"text-align: justify;\">\n","protected":false},"excerpt":{"rendered":"<p>Washington, 30 dic (SANA) La cifra de muertos por la hist\u00f3rica tormenta invernal que afect\u00f3 gran parte de Estados Unidos subi\u00f3 a 61 hasta la fecha, seg\u00fan cit\u00f3 AFP \u00a0a Mark Poloncarz, un funcionario local de Nueva York. \u201cDos nuevos muertes se registraron en Nueva York, ciudad de Buffalo, epicentro de la tormenta, donde al &hellip;<\/p>\n","protected":false},"author":30,"featured_media":267968,"comment_status":"closed","ping_status":"closed","sticky":false,"template":"","format":"standard","meta":{"footnotes":""},"categories":[456,20724,7541],"tags":[],"class_list":["post-267967","post","type-post","status-publish","format-standard","has-post-thumbnail","","category-arabe-internacional-politica","category-minuto-a-minuto","category-ultimas-noticias"],"_links":{"self":[{"href":"https:\/\/archive.sana.sy\/es\/index.php?rest_route=\/wp\/v2\/posts\/267967"}],"collection":[{"href":"https:\/\/archive.sana.sy\/es\/index.php?rest_route=\/wp\/v2\/posts"}],"about":[{"href":"https:\/\/archive.sana.sy\/es\/index.php?rest_route=\/wp\/v2\/types\/post"}],"author":[{"embeddable":true,"href":"https:\/\/archive.sana.sy\/es\/index.php?rest_route=\/wp\/v2\/users\/30"}],"replies":[{"embeddable":true,"href":"https:\/\/archive.sana.sy\/es\/index.php?rest_route=%2Fwp%2Fv2%2Fcomments&post=267967"}],"version-history":[{"count":0,"href":"https:\/\/archive.sana.sy\/es\/index.php?rest_route=\/wp\/v2\/posts\/267967\/revisions"}],"wp:featuredmedia":[{"embeddable":true,"href":"https:\/\/archive.sana.sy\/es\/index.php?rest_route=\/wp\/v2\/media\/267968"}],"wp:attachment":[{"href":"https:\/\/archive.sana.sy\/es\/index.php?rest_route=%2Fwp%2Fv2%2Fmedia&parent=267967"}],"wp:term":[{"taxonomy":"category","embeddable":true,"href":"https:\/\/archive.sana.sy\/es\/index.php?rest_route=%2Fwp%2Fv2%2Fcategories&post=267967"},{"taxonomy":"post_tag","embeddable":true,"href":"https:\/\/archive.sana.sy\/es\/index.php?rest_route=%2Fwp%2Fv2%2Ftags&post=267967"}],"curies":[{"name":"wp","href":"https:\/\/api.w.org\/{rel}","templated":true}]}}