{"id":267974,"date":"2022-12-30T13:35:19","date_gmt":"2022-12-30T11:35:19","guid":{"rendered":"http:\/\/107.6.182.27\/es\/?p=267974"},"modified":"2023-01-10T15:48:19","modified_gmt":"2023-01-10T13:48:19","slug":"los-intentos-de-falsificar-la-historia-por-parte-de-kiev-estan-condenados-al-fracaso-fustiga-rusia","status":"publish","type":"post","link":"https:\/\/archive.sana.sy\/es\/?p=267974","title":{"rendered":"Los intentos de falsificar la historia por parte de Kiev est\u00e1n condenados al fracaso, fustiga Rusia"},"content":{"rendered":"<p style=\"text-align: justify;\"><span style=\"color: #800000;\"><strong>Mosc\u00fa, 30 dic (SANA)<\/strong><\/span> El Ministerio de Exteriores de Rusia enfatiz\u00f3 que los intentos del r\u00e9gimen de Kiev de falsificar la historia est\u00e1n \u201ccondenados al fracaso\u201d.<\/p>\n<p style=\"text-align: justify;\">\u201cTodo volver\u00e1 a la normalidad y los monumentos retirados volver\u00e1n a ocupar el lugar que les corresponde en el centro de Odessa, la ciudad de Ismail y otras ciudades en el territorio de Ucrania, que todav\u00eda sufren hoy de radicales nazis agresivos\u201d, cit\u00f3 RT hoy a un comunicado de la cartera diplom\u00e1tica rusa.<\/p>\n<p style=\"text-align: justify;\">La Canciller\u00eda enfatiz\u00f3 en su comunicado que los trucos maliciosos para incitar al odio a Rusia no cambiar\u00e1n el hecho de que Odessa debe su existencia a la emperatriz rusa Ekaterina II.<\/p>\n<p style=\"text-align: justify;\">A comienzos de 2015 Ucrania tendi\u00f3 a desmantelar los monumentos relacionados con la historia sovi\u00e9tica y cambi\u00f3 los nombres de las calles.<\/p>\n<p style=\"text-align: justify;\"><em><strong>ah\/fm<\/strong><\/em><\/p>\n","protected":false},"excerpt":{"rendered":"<p>Mosc\u00fa, 30 dic (SANA) El Ministerio de Exteriores de Rusia enfatiz\u00f3 que los intentos del r\u00e9gimen de Kiev de falsificar la historia est\u00e1n \u201ccondenados al fracaso\u201d. \u201cTodo volver\u00e1 a la normalidad y los monumentos retirados volver\u00e1n a ocupar el lugar que les corresponde en el centro de Odessa, la ciudad de Ismail y otras ciudades &hellip;<\/p>\n","protected":false},"author":30,"featured_media":267975,"comment_status":"closed","ping_status":"closed","sticky":false,"template":"","format":"standard","meta":{"footnotes":""},"categories":[456,20724,7541],"tags":[],"class_list":["post-267974","post","type-post","status-publish","format-standard","has-post-thumbnail","","category-arabe-internacional-politica","category-minuto-a-minuto","category-ultimas-noticias"],"_links":{"self":[{"href":"https:\/\/archive.sana.sy\/es\/index.php?rest_route=\/wp\/v2\/posts\/267974"}],"collection":[{"href":"https:\/\/archive.sana.sy\/es\/index.php?rest_route=\/wp\/v2\/posts"}],"about":[{"href":"https:\/\/archive.sana.sy\/es\/index.php?rest_route=\/wp\/v2\/types\/post"}],"author":[{"embeddable":true,"href":"https:\/\/archive.sana.sy\/es\/index.php?rest_route=\/wp\/v2\/users\/30"}],"replies":[{"embeddable":true,"href":"https:\/\/archive.sana.sy\/es\/index.php?rest_route=%2Fwp%2Fv2%2Fcomments&post=267974"}],"version-history":[{"count":0,"href":"https:\/\/archive.sana.sy\/es\/index.php?rest_route=\/wp\/v2\/posts\/267974\/revisions"}],"wp:featuredmedia":[{"embeddable":true,"href":"https:\/\/archive.sana.sy\/es\/index.php?rest_route=\/wp\/v2\/media\/267975"}],"wp:attachment":[{"href":"https:\/\/archive.sana.sy\/es\/index.php?rest_route=%2Fwp%2Fv2%2Fmedia&parent=267974"}],"wp:term":[{"taxonomy":"category","embeddable":true,"href":"https:\/\/archive.sana.sy\/es\/index.php?rest_route=%2Fwp%2Fv2%2Fcategories&post=267974"},{"taxonomy":"post_tag","embeddable":true,"href":"https:\/\/archive.sana.sy\/es\/index.php?rest_route=%2Fwp%2Fv2%2Ftags&post=267974"}],"curies":[{"name":"wp","href":"https:\/\/api.w.org\/{rel}","templated":true}]}}