{"id":268096,"date":"2022-12-31T12:36:49","date_gmt":"2022-12-31T10:36:49","guid":{"rendered":"http:\/\/107.6.182.27\/es\/?p=268096"},"modified":"2023-01-10T15:48:16","modified_gmt":"2023-01-10T13:48:16","slug":"militares-israelies-arrestan-a-cuatro-palestinos-en-cisjordania","status":"publish","type":"post","link":"https:\/\/archive.sana.sy\/es\/?p=268096","title":{"rendered":"Militares israel\u00edes arrestan a cuatro palestinos en Cisjordania"},"content":{"rendered":"<blockquote><p><strong>La agencia palestina Wafa inform\u00f3 que militares israel\u00edes arrestaron a dos j\u00f3venes en el campamento Nour Shams, al este de Tulkarem, mientras pasaban por uno de los puestos de control al oeste de Naplusa.<\/strong><\/p><\/blockquote>\n<p>Jerusal\u00e9n ocupada, 31 dic (SANA)\u00a0 Las fuerzas de ocupaci\u00f3n israel\u00edes arrestaron hoy a cuatro palestinos de forma arbitraria, en Cisjordania.<\/p>\n<p>La agencia palestina Wafa inform\u00f3 que militares israel\u00edes arrestaron a dos j\u00f3venes en el campamento Nour Shams, al este de Tulkarem, mientras pasaban por uno de los puestos de control al oeste de Naplusa.<\/p>\n<p>Asimismo, arrestaron a otros dos en la localidad de Sair, al este de Hebr\u00f3n, despu\u00e9s de asaltar sus casas.<\/p>\n<p>La v\u00edspera, las fuerzas de ocupaci\u00f3n arrestaron a cuatro palestinos en Cisjordania.<\/p>\n<p>fm\/ed<\/p>\n","protected":false},"excerpt":{"rendered":"<p>La agencia palestina Wafa inform\u00f3 que militares israel\u00edes arrestaron a dos j\u00f3venes en el campamento Nour Shams, al este de Tulkarem, mientras pasaban por uno de los puestos de control al oeste de Naplusa. Jerusal\u00e9n ocupada, 31 dic (SANA)\u00a0 Las fuerzas de ocupaci\u00f3n israel\u00edes arrestaron hoy a cuatro palestinos de forma arbitraria, en Cisjordania. La &hellip;<\/p>\n","protected":false},"author":32,"featured_media":268097,"comment_status":"closed","ping_status":"closed","sticky":false,"template":"","format":"standard","meta":{"footnotes":""},"categories":[597,456,7541],"tags":[],"class_list":["post-268096","post","type-post","status-publish","format-standard","has-post-thumbnail","","category-cinta-de-noticias","category-arabe-internacional-politica","category-ultimas-noticias"],"_links":{"self":[{"href":"https:\/\/archive.sana.sy\/es\/index.php?rest_route=\/wp\/v2\/posts\/268096"}],"collection":[{"href":"https:\/\/archive.sana.sy\/es\/index.php?rest_route=\/wp\/v2\/posts"}],"about":[{"href":"https:\/\/archive.sana.sy\/es\/index.php?rest_route=\/wp\/v2\/types\/post"}],"author":[{"embeddable":true,"href":"https:\/\/archive.sana.sy\/es\/index.php?rest_route=\/wp\/v2\/users\/32"}],"replies":[{"embeddable":true,"href":"https:\/\/archive.sana.sy\/es\/index.php?rest_route=%2Fwp%2Fv2%2Fcomments&post=268096"}],"version-history":[{"count":0,"href":"https:\/\/archive.sana.sy\/es\/index.php?rest_route=\/wp\/v2\/posts\/268096\/revisions"}],"wp:featuredmedia":[{"embeddable":true,"href":"https:\/\/archive.sana.sy\/es\/index.php?rest_route=\/wp\/v2\/media\/268097"}],"wp:attachment":[{"href":"https:\/\/archive.sana.sy\/es\/index.php?rest_route=%2Fwp%2Fv2%2Fmedia&parent=268096"}],"wp:term":[{"taxonomy":"category","embeddable":true,"href":"https:\/\/archive.sana.sy\/es\/index.php?rest_route=%2Fwp%2Fv2%2Fcategories&post=268096"},{"taxonomy":"post_tag","embeddable":true,"href":"https:\/\/archive.sana.sy\/es\/index.php?rest_route=%2Fwp%2Fv2%2Ftags&post=268096"}],"curies":[{"name":"wp","href":"https:\/\/api.w.org\/{rel}","templated":true}]}}