{"id":268102,"date":"2022-12-31T12:55:46","date_gmt":"2022-12-31T10:55:46","guid":{"rendered":"http:\/\/107.6.182.27\/es\/?p=268102"},"modified":"2023-01-10T15:48:15","modified_gmt":"2023-01-10T13:48:15","slug":"fuerzas-rusas-repelen-repetidos-ataques-ucranianos-para-penetrar-las-lineas-de-defensa-en-donetsk","status":"publish","type":"post","link":"https:\/\/archive.sana.sy\/es\/?p=268102","title":{"rendered":"Fuerzas rusas repelen repetidos ataques ucranianos para penetrar las l\u00edneas de defensa en Donetsk"},"content":{"rendered":"<p style=\"text-align: justify;\"><span style=\"color: #800000;\"><strong>Mosc\u00fa, 31 dic (SANA)<\/strong>\u00a0 \u00a0<\/span>El presidente interino de la Rep\u00fablica Popular de Lugansk, Leonid Pasechnik, afirm\u00f3 que las fuerzas rusas lograron repeler los repetidos intentos de las fuerzas del r\u00e9gimen ucraniano de penetrar las defensas y l\u00edneas de contacto en la rep\u00fablica y sus alrededores.<\/p>\n<p style=\"text-align: justify;\">Pasichnik dijo en una declaraci\u00f3n a la Agencia Tass, que todos los intentos de las fuerzas ucranianas fueron derrotados y las fuerzas rusas controlan la situaci\u00f3n en el frente, repelen todos los ataques enemigos y defienden en l\u00edneas.<\/p>\n<p style=\"text-align: justify;\">El oficial de las Fuerzas Populares de Luhansk, Andrei Marochko, confirm\u00f3 anteriormente que las fuerzas del r\u00e9gimen ucraniano estaban sufriendo grandes p\u00e9rdidas en los ejes Kremnaya y Svatov, indicando que los oficiales ucranianos justificaron estas p\u00e9rdidas por el mal tiempo.<\/p>\n<p style=\"text-align: justify;\">fm\/ed<\/p>\n","protected":false},"excerpt":{"rendered":"<p>Mosc\u00fa, 31 dic (SANA)\u00a0 \u00a0El presidente interino de la Rep\u00fablica Popular de Lugansk, Leonid Pasechnik, afirm\u00f3 que las fuerzas rusas lograron repeler los repetidos intentos de las fuerzas del r\u00e9gimen ucraniano de penetrar las defensas y l\u00edneas de contacto en la rep\u00fablica y sus alrededores. Pasichnik dijo en una declaraci\u00f3n a la Agencia Tass, que &hellip;<\/p>\n","protected":false},"author":32,"featured_media":268103,"comment_status":"closed","ping_status":"closed","sticky":false,"template":"","format":"standard","meta":{"footnotes":""},"categories":[597,456,20724,7541],"tags":[],"class_list":["post-268102","post","type-post","status-publish","format-standard","has-post-thumbnail","","category-cinta-de-noticias","category-arabe-internacional-politica","category-minuto-a-minuto","category-ultimas-noticias"],"_links":{"self":[{"href":"https:\/\/archive.sana.sy\/es\/index.php?rest_route=\/wp\/v2\/posts\/268102"}],"collection":[{"href":"https:\/\/archive.sana.sy\/es\/index.php?rest_route=\/wp\/v2\/posts"}],"about":[{"href":"https:\/\/archive.sana.sy\/es\/index.php?rest_route=\/wp\/v2\/types\/post"}],"author":[{"embeddable":true,"href":"https:\/\/archive.sana.sy\/es\/index.php?rest_route=\/wp\/v2\/users\/32"}],"replies":[{"embeddable":true,"href":"https:\/\/archive.sana.sy\/es\/index.php?rest_route=%2Fwp%2Fv2%2Fcomments&post=268102"}],"version-history":[{"count":0,"href":"https:\/\/archive.sana.sy\/es\/index.php?rest_route=\/wp\/v2\/posts\/268102\/revisions"}],"wp:featuredmedia":[{"embeddable":true,"href":"https:\/\/archive.sana.sy\/es\/index.php?rest_route=\/wp\/v2\/media\/268103"}],"wp:attachment":[{"href":"https:\/\/archive.sana.sy\/es\/index.php?rest_route=%2Fwp%2Fv2%2Fmedia&parent=268102"}],"wp:term":[{"taxonomy":"category","embeddable":true,"href":"https:\/\/archive.sana.sy\/es\/index.php?rest_route=%2Fwp%2Fv2%2Fcategories&post=268102"},{"taxonomy":"post_tag","embeddable":true,"href":"https:\/\/archive.sana.sy\/es\/index.php?rest_route=%2Fwp%2Fv2%2Ftags&post=268102"}],"curies":[{"name":"wp","href":"https:\/\/api.w.org\/{rel}","templated":true}]}}