{"id":26812,"date":"2015-07-18T13:14:39","date_gmt":"2015-07-18T10:14:39","guid":{"rendered":"http:\/\/sana.sy\/es\/?p=26812"},"modified":"2015-07-18T13:14:39","modified_gmt":"2015-07-18T10:14:39","slug":"jamenei-iran-no-dejara-de-apoyar-a-sus-amigos-en-la-region-firmado-o-no-el-acuerdo-nuclear","status":"publish","type":"post","link":"https:\/\/archive.sana.sy\/es\/?p=26812","title":{"rendered":"Jamenei: Ir\u00e1n no dejar\u00e1 de apoyar a sus amigos en la regi\u00f3n firmado o no el acuerdo nuclear"},"content":{"rendered":"<p><span style=\"color: #800000\">Teher\u00e1n, SANA<\/span><\/p>\n<p>El L\u00edder de la Revoluci\u00f3n Isl\u00e1mica de Ir\u00e1n, el ayatol\u00e1 Seyed Ali Jamenei, recalc\u00f3 este s\u00e1bado que Ir\u00e1n no dejar\u00e1 de apoyar a los pueblos de Siria, Irak, el L\u00edbano, Palestina, Yemen, Bahr\u00e9in y Palestina \u201csea firmado o no el acuerdo final sobre el programa nuclear iran\u00ed\u201d.<\/p>\n<p>Estas declaraciones se produjeron en un serm\u00f3n pronunciado por el L\u00edder iran\u00ed tras guiar el rezo colectivo del Eid al-Fitr (fiesta de ayuno).<\/p>\n<p><img loading=\"lazy\" decoding=\"async\" class=\"aligncenter size-medium wp-image-26813\" src=\"http:\/\/sana.sy\/es\/wp-content\/uploads\/2015\/07\/rezo-colectivo-Ir\u00e1n-300x197.jpg\" alt=\"rezo colectivo Ir\u00e1n\" width=\"300\" height=\"197\" srcset=\"https:\/\/archive.sana.sy\/es\/wp-content\/uploads\/2015\/07\/rezo-colectivo-Ir\u00e1n-300x197.jpg 300w, https:\/\/archive.sana.sy\/es\/wp-content\/uploads\/2015\/07\/rezo-colectivo-Ir\u00e1n-150x99.jpg 150w, https:\/\/archive.sana.sy\/es\/wp-content\/uploads\/2015\/07\/rezo-colectivo-Ir\u00e1n.jpg 500w\" sizes=\"(max-width: 300px) 100vw, 300px\" \/><\/p>\n<p>Asimismo, Jaemeni aclar\u00f3 que Ir\u00e1n tras la firma del acuerdo nuclear no cambiar\u00e1 su postura hacia EEUU, y tampoco negociar\u00e1 temas regionales y bilaterales con el gobierno de este pa\u00eds que \u201capoya al r\u00e9gimen israel\u00ed\u201d.<\/p>\n<p>Jameni lament\u00f3 que algunas partes hostiles hicieron que el sagrado mes de Ramad\u00e1n pasara amargo por muchos pueblos de la regi\u00f3n, aseverando que los enemigos solo podr\u00e1n so\u00f1ar con la sumisi\u00f3n de Ir\u00e1n.<\/p>\n<p>Lynn A.<\/p>\n","protected":false},"excerpt":{"rendered":"<p>Teher\u00e1n, SANA El L\u00edder de la Revoluci\u00f3n Isl\u00e1mica de Ir\u00e1n, el ayatol\u00e1 Seyed Ali Jamenei, recalc\u00f3 este s\u00e1bado que Ir\u00e1n no dejar\u00e1 de apoyar a los pueblos de Siria, Irak, el L\u00edbano, Palestina, Yemen, Bahr\u00e9in y Palestina \u201csea firmado o no el acuerdo final sobre el programa nuclear iran\u00ed\u201d. Estas declaraciones se produjeron en un &hellip;<\/p>\n","protected":false},"author":24,"featured_media":26814,"comment_status":"closed","ping_status":"closed","sticky":false,"template":"","format":"standard","meta":{"footnotes":""},"categories":[597,456,457,576],"tags":[6024],"class_list":["post-26812","post","type-post","status-publish","format-standard","has-post-thumbnail","","category-cinta-de-noticias","category-arabe-internacional-politica","category-noticias-arabe-internacional-politica","category-noticias-politicas","tag-jamenei-iran-no-dejara-de-apoyar-a-sus-amigos-en-la-region-firmado-o-no-el-acuerdo-nuclear"],"_links":{"self":[{"href":"https:\/\/archive.sana.sy\/es\/index.php?rest_route=\/wp\/v2\/posts\/26812"}],"collection":[{"href":"https:\/\/archive.sana.sy\/es\/index.php?rest_route=\/wp\/v2\/posts"}],"about":[{"href":"https:\/\/archive.sana.sy\/es\/index.php?rest_route=\/wp\/v2\/types\/post"}],"author":[{"embeddable":true,"href":"https:\/\/archive.sana.sy\/es\/index.php?rest_route=\/wp\/v2\/users\/24"}],"replies":[{"embeddable":true,"href":"https:\/\/archive.sana.sy\/es\/index.php?rest_route=%2Fwp%2Fv2%2Fcomments&post=26812"}],"version-history":[{"count":0,"href":"https:\/\/archive.sana.sy\/es\/index.php?rest_route=\/wp\/v2\/posts\/26812\/revisions"}],"wp:featuredmedia":[{"embeddable":true,"href":"https:\/\/archive.sana.sy\/es\/index.php?rest_route=\/wp\/v2\/media\/26814"}],"wp:attachment":[{"href":"https:\/\/archive.sana.sy\/es\/index.php?rest_route=%2Fwp%2Fv2%2Fmedia&parent=26812"}],"wp:term":[{"taxonomy":"category","embeddable":true,"href":"https:\/\/archive.sana.sy\/es\/index.php?rest_route=%2Fwp%2Fv2%2Fcategories&post=26812"},{"taxonomy":"post_tag","embeddable":true,"href":"https:\/\/archive.sana.sy\/es\/index.php?rest_route=%2Fwp%2Fv2%2Ftags&post=26812"}],"curies":[{"name":"wp","href":"https:\/\/api.w.org\/{rel}","templated":true}]}}