{"id":268126,"date":"2022-12-31T18:24:06","date_gmt":"2022-12-31T16:24:06","guid":{"rendered":"http:\/\/107.6.182.27\/es\/?p=268126"},"modified":"2023-01-10T15:48:15","modified_gmt":"2023-01-10T13:48:15","slug":"ejercito-libanes-rescata-a-200-inmigrantes-en-aguas-territoriales","status":"publish","type":"post","link":"https:\/\/archive.sana.sy\/es\/?p=268126","title":{"rendered":"Ej\u00e9rcito liban\u00e9s rescata a 200 inmigrantes en aguas territoriales"},"content":{"rendered":"<p style=\"text-align: justify;\"><span style=\"color: #800000;\"><strong>Beirut, 31 dic (SANA)<\/strong> <\/span>El Ej\u00e9rcito de L\u00edbano rescat\u00f3 hoy a cerca de 200 inmigrantes del naufragio de una embarcaci\u00f3n frente a la playa de Selaata, perteneciente a la regi\u00f3n de Batroun, al norte del pa\u00eds.<\/p>\n<p style=\"text-align: justify;\">A trav\u00e9s de su cuenta en Twitter, la armada libanesa confirm\u00f3 la presencia en el lugar del suceso de tres equipos navales, acompa\u00f1ado por un bote de la Fuerza Provisional de las Naciones Unidas.<\/p>\n<p style=\"text-align: justify;\">De acuerdo con fuentes locales, el barco averiado se hundi\u00f3 en aguas territoriales libanesas con 200 personas a bordo.<\/p>\n<p>mm<\/p>\n","protected":false},"excerpt":{"rendered":"<p>Beirut, 31 dic (SANA) El Ej\u00e9rcito de L\u00edbano rescat\u00f3 hoy a cerca de 200 inmigrantes del naufragio de una embarcaci\u00f3n frente a la playa de Selaata, perteneciente a la regi\u00f3n de Batroun, al norte del pa\u00eds. A trav\u00e9s de su cuenta en Twitter, la armada libanesa confirm\u00f3 la presencia en el lugar del suceso de &hellip;<\/p>\n","protected":false},"author":36,"featured_media":268127,"comment_status":"closed","ping_status":"closed","sticky":false,"template":"","format":"standard","meta":{"footnotes":""},"categories":[597,456,20724,457],"tags":[],"class_list":["post-268126","post","type-post","status-publish","format-standard","has-post-thumbnail","","category-cinta-de-noticias","category-arabe-internacional-politica","category-minuto-a-minuto","category-noticias-arabe-internacional-politica"],"_links":{"self":[{"href":"https:\/\/archive.sana.sy\/es\/index.php?rest_route=\/wp\/v2\/posts\/268126"}],"collection":[{"href":"https:\/\/archive.sana.sy\/es\/index.php?rest_route=\/wp\/v2\/posts"}],"about":[{"href":"https:\/\/archive.sana.sy\/es\/index.php?rest_route=\/wp\/v2\/types\/post"}],"author":[{"embeddable":true,"href":"https:\/\/archive.sana.sy\/es\/index.php?rest_route=\/wp\/v2\/users\/36"}],"replies":[{"embeddable":true,"href":"https:\/\/archive.sana.sy\/es\/index.php?rest_route=%2Fwp%2Fv2%2Fcomments&post=268126"}],"version-history":[{"count":0,"href":"https:\/\/archive.sana.sy\/es\/index.php?rest_route=\/wp\/v2\/posts\/268126\/revisions"}],"wp:featuredmedia":[{"embeddable":true,"href":"https:\/\/archive.sana.sy\/es\/index.php?rest_route=\/wp\/v2\/media\/268127"}],"wp:attachment":[{"href":"https:\/\/archive.sana.sy\/es\/index.php?rest_route=%2Fwp%2Fv2%2Fmedia&parent=268126"}],"wp:term":[{"taxonomy":"category","embeddable":true,"href":"https:\/\/archive.sana.sy\/es\/index.php?rest_route=%2Fwp%2Fv2%2Fcategories&post=268126"},{"taxonomy":"post_tag","embeddable":true,"href":"https:\/\/archive.sana.sy\/es\/index.php?rest_route=%2Fwp%2Fv2%2Ftags&post=268126"}],"curies":[{"name":"wp","href":"https:\/\/api.w.org\/{rel}","templated":true}]}}