{"id":268150,"date":"2023-01-01T09:57:11","date_gmt":"2023-01-01T07:57:11","guid":{"rendered":"http:\/\/107.6.182.27\/es\/?p=268150"},"modified":"2023-01-10T15:48:14","modified_gmt":"2023-01-10T13:48:14","slug":"militares-israelies-arrestan-a-tres-palestinos-en-hebron","status":"publish","type":"post","link":"https:\/\/archive.sana.sy\/es\/?p=268150","title":{"rendered":"Militares israel\u00edes arrestan a tres palestinos en Hebr\u00f3n"},"content":{"rendered":"<p style=\"text-align: justify;\"><span style=\"color: #800000;\"><strong>Jerusal\u00e9n ocupada, 01 ene (SANA)\u00a0<\/strong> <\/span>Las fuerzas de ocupaci\u00f3n israel\u00edes arrestaron este domingo a tres palestinos en Hebr\u00f3n, en Cisjordania.<\/p>\n<p style=\"text-align: justify;\">Seg\u00fan divulg\u00f3 la agencia de noticias Wafa, las tropas sionistas irrumpieron en la ciudad de Beit Ummar, al norte de la ciudad, allanaron las casas de los palestinos, y arrestaron a tres de ellos.<\/p>\n<p style=\"text-align: justify;\">Las fuerzas de ocupaci\u00f3n arrestaron la v\u00edspera a cuatro palestinos en distintas \u00e1reas de Cisjordania.<\/p>\n<p style=\"text-align: justify;\">ed\/fm<\/p>\n","protected":false},"excerpt":{"rendered":"<p>Jerusal\u00e9n ocupada, 01 ene (SANA)\u00a0 Las fuerzas de ocupaci\u00f3n israel\u00edes arrestaron este domingo a tres palestinos en Hebr\u00f3n, en Cisjordania. Seg\u00fan divulg\u00f3 la agencia de noticias Wafa, las tropas sionistas irrumpieron en la ciudad de Beit Ummar, al norte de la ciudad, allanaron las casas de los palestinos, y arrestaron a tres de ellos. Las &hellip;<\/p>\n","protected":false},"author":32,"featured_media":268151,"comment_status":"closed","ping_status":"closed","sticky":false,"template":"","format":"standard","meta":{"footnotes":""},"categories":[597,456,20724,7541],"tags":[],"class_list":["post-268150","post","type-post","status-publish","format-standard","has-post-thumbnail","","category-cinta-de-noticias","category-arabe-internacional-politica","category-minuto-a-minuto","category-ultimas-noticias"],"_links":{"self":[{"href":"https:\/\/archive.sana.sy\/es\/index.php?rest_route=\/wp\/v2\/posts\/268150"}],"collection":[{"href":"https:\/\/archive.sana.sy\/es\/index.php?rest_route=\/wp\/v2\/posts"}],"about":[{"href":"https:\/\/archive.sana.sy\/es\/index.php?rest_route=\/wp\/v2\/types\/post"}],"author":[{"embeddable":true,"href":"https:\/\/archive.sana.sy\/es\/index.php?rest_route=\/wp\/v2\/users\/32"}],"replies":[{"embeddable":true,"href":"https:\/\/archive.sana.sy\/es\/index.php?rest_route=%2Fwp%2Fv2%2Fcomments&post=268150"}],"version-history":[{"count":0,"href":"https:\/\/archive.sana.sy\/es\/index.php?rest_route=\/wp\/v2\/posts\/268150\/revisions"}],"wp:featuredmedia":[{"embeddable":true,"href":"https:\/\/archive.sana.sy\/es\/index.php?rest_route=\/wp\/v2\/media\/268151"}],"wp:attachment":[{"href":"https:\/\/archive.sana.sy\/es\/index.php?rest_route=%2Fwp%2Fv2%2Fmedia&parent=268150"}],"wp:term":[{"taxonomy":"category","embeddable":true,"href":"https:\/\/archive.sana.sy\/es\/index.php?rest_route=%2Fwp%2Fv2%2Fcategories&post=268150"},{"taxonomy":"post_tag","embeddable":true,"href":"https:\/\/archive.sana.sy\/es\/index.php?rest_route=%2Fwp%2Fv2%2Ftags&post=268150"}],"curies":[{"name":"wp","href":"https:\/\/api.w.org\/{rel}","templated":true}]}}