{"id":268154,"date":"2023-01-01T11:42:24","date_gmt":"2023-01-01T09:42:24","guid":{"rendered":"http:\/\/107.6.182.27\/es\/?p=268154"},"modified":"2023-01-10T15:48:13","modified_gmt":"2023-01-10T13:48:13","slug":"rusia-prueba-drones-capaces-de-transportar-personas-y-carga","status":"publish","type":"post","link":"https:\/\/archive.sana.sy\/es\/?p=268154","title":{"rendered":"Rusia prueba drones capaces de transportar personas y carga"},"content":{"rendered":"<p style=\"text-align: justify;\"><span style=\"color: #800000;\"><strong>Mosc\u00fa, 01 ene (SANA)\u00a0 \u00a0<\/strong><\/span>Rusia prob\u00f3 un nuevo dron capaz de transportar personas y carga.<\/p>\n<p style=\"text-align: justify;\">Citado por la agencia Novosti, el Instituto de Investigaci\u00f3n de Aviaci\u00f3n de la Universidad rusa Zhukovsky inform\u00f3 que &#8220;los expertos del instituto comenzaron a probar un modelo de un dron prometedor&#8221;.<\/p>\n<p style=\"text-align: justify;\">En un comunicado, se\u00f1al\u00f3 que los especialistas del instituto comenzaron a probar la din\u00e1mica del aire del nuevo dron y a estudiar su aerodin\u00e1mica durante el vuelo y durante el despegue y el aterrizaje.<\/p>\n<p style=\"text-align: justify;\">La nueva aeronave consta de una estructura b\u00e1sica de forma semioval, sobre la que se instalan 4 ejes portando h\u00e9lices m\u00f3viles, que aseguran la propulsi\u00f3n del dron en el aire, y ayudan en su despegue y aterrizaje vertical.<\/p>\n<p style=\"text-align: justify;\">ed\/fm<\/p>\n","protected":false},"excerpt":{"rendered":"<p>Mosc\u00fa, 01 ene (SANA)\u00a0 \u00a0Rusia prob\u00f3 un nuevo dron capaz de transportar personas y carga. Citado por la agencia Novosti, el Instituto de Investigaci\u00f3n de Aviaci\u00f3n de la Universidad rusa Zhukovsky inform\u00f3 que &#8220;los expertos del instituto comenzaron a probar un modelo de un dron prometedor&#8221;. En un comunicado, se\u00f1al\u00f3 que los especialistas del instituto &hellip;<\/p>\n","protected":false},"author":32,"featured_media":268155,"comment_status":"closed","ping_status":"closed","sticky":false,"template":"","format":"standard","meta":{"footnotes":""},"categories":[597,456,20724,7541],"tags":[],"class_list":["post-268154","post","type-post","status-publish","format-standard","has-post-thumbnail","","category-cinta-de-noticias","category-arabe-internacional-politica","category-minuto-a-minuto","category-ultimas-noticias"],"_links":{"self":[{"href":"https:\/\/archive.sana.sy\/es\/index.php?rest_route=\/wp\/v2\/posts\/268154"}],"collection":[{"href":"https:\/\/archive.sana.sy\/es\/index.php?rest_route=\/wp\/v2\/posts"}],"about":[{"href":"https:\/\/archive.sana.sy\/es\/index.php?rest_route=\/wp\/v2\/types\/post"}],"author":[{"embeddable":true,"href":"https:\/\/archive.sana.sy\/es\/index.php?rest_route=\/wp\/v2\/users\/32"}],"replies":[{"embeddable":true,"href":"https:\/\/archive.sana.sy\/es\/index.php?rest_route=%2Fwp%2Fv2%2Fcomments&post=268154"}],"version-history":[{"count":0,"href":"https:\/\/archive.sana.sy\/es\/index.php?rest_route=\/wp\/v2\/posts\/268154\/revisions"}],"wp:featuredmedia":[{"embeddable":true,"href":"https:\/\/archive.sana.sy\/es\/index.php?rest_route=\/wp\/v2\/media\/268155"}],"wp:attachment":[{"href":"https:\/\/archive.sana.sy\/es\/index.php?rest_route=%2Fwp%2Fv2%2Fmedia&parent=268154"}],"wp:term":[{"taxonomy":"category","embeddable":true,"href":"https:\/\/archive.sana.sy\/es\/index.php?rest_route=%2Fwp%2Fv2%2Fcategories&post=268154"},{"taxonomy":"post_tag","embeddable":true,"href":"https:\/\/archive.sana.sy\/es\/index.php?rest_route=%2Fwp%2Fv2%2Ftags&post=268154"}],"curies":[{"name":"wp","href":"https:\/\/api.w.org\/{rel}","templated":true}]}}