{"id":268157,"date":"2023-01-01T11:48:12","date_gmt":"2023-01-01T09:48:12","guid":{"rendered":"http:\/\/107.6.182.27\/es\/?p=268157"},"modified":"2023-01-10T15:48:13","modified_gmt":"2023-01-10T13:48:13","slug":"mueren-siete-pacientes-e-integrantes-del-personal-medico-en-bombardeo-ucraniano-contra-un-hospital-en-lugansk","status":"publish","type":"post","link":"https:\/\/archive.sana.sy\/es\/?p=268157","title":{"rendered":"Mueren siete pacientes e integrantes del personal m\u00e9dico en bombardeo ucraniano contra un hospital en Lugansk"},"content":{"rendered":"<blockquote>\n<p style=\"text-align: justify;\"><strong>\u201cEntre los muertos hay pacientes y miembros del personal m\u00e9dico\u201d, dijo el alcalde de Pervomaisk, Sergei Kulyagin, y se\u00f1al\u00f3 que el n\u00famero podr\u00eda aumentar tras retirar los escombros.<\/strong><\/p>\n<\/blockquote>\n<p style=\"text-align: justify;\"><span style=\"color: #800000;\"><strong>Mosc\u00fa, 01 ene (SANA)\u00a0 \u00a0<\/strong><\/span> Al menos seis civiles perdieron la vida por un bombardeo del r\u00e9gimen ucraniano contra un hospital en Pervomaisk, en la Rep\u00fablica Popular de Lugansk.<\/p>\n<p style=\"text-align: justify;\">\u201cEntre los muertos hay pacientes y miembros del personal m\u00e9dico\u201d, dijo el alcalde de Pervomaisk, Sergei Kulyagin, y se\u00f1al\u00f3 que el n\u00famero podr\u00eda aumentar tras retirar los escombros.<\/p>\n<p style=\"text-align: justify;\">El ej\u00e9rcito ucraniano bombarde\u00f3 el referido hospital hace una semana con misiles HIMARS, hiriendo a dos personas del personal m\u00e9dico y causando da\u00f1os materiales a una ambulancia.<\/p>\n<p style=\"text-align: justify;\">Por su parte, el alcalde de Donetsk, Alexey Kolymzin, dijo que al menos tres civiles, entre ellas un beb\u00e9 de tres meses, resultaron heridos por un bombardeo de las fuerzas armadas ucranianas.<\/p>\n<p style=\"text-align: justify;\">La misi\u00f3n de la Rep\u00fablica en el Centro Conjunto para el Monitoreo y Coordinaci\u00f3n de Casos Relacionados con Cr\u00edmenes de Guerra en Ucrania inform\u00f3 que &#8220;las fuerzas ucranianas lanzaron 25 misiles HIMARS contra la ciudad de Voroshilovsky.<\/p>\n<p style=\"text-align: justify;\">ed\/fm<\/p>\n","protected":false},"excerpt":{"rendered":"<p>\u201cEntre los muertos hay pacientes y miembros del personal m\u00e9dico\u201d, dijo el alcalde de Pervomaisk, Sergei Kulyagin, y se\u00f1al\u00f3 que el n\u00famero podr\u00eda aumentar tras retirar los escombros. Mosc\u00fa, 01 ene (SANA)\u00a0 \u00a0 Al menos seis civiles perdieron la vida por un bombardeo del r\u00e9gimen ucraniano contra un hospital en Pervomaisk, en la Rep\u00fablica Popular &hellip;<\/p>\n","protected":false},"author":32,"featured_media":268158,"comment_status":"closed","ping_status":"closed","sticky":false,"template":"","format":"standard","meta":{"footnotes":""},"categories":[597,456,7541],"tags":[],"class_list":["post-268157","post","type-post","status-publish","format-standard","has-post-thumbnail","","category-cinta-de-noticias","category-arabe-internacional-politica","category-ultimas-noticias"],"_links":{"self":[{"href":"https:\/\/archive.sana.sy\/es\/index.php?rest_route=\/wp\/v2\/posts\/268157"}],"collection":[{"href":"https:\/\/archive.sana.sy\/es\/index.php?rest_route=\/wp\/v2\/posts"}],"about":[{"href":"https:\/\/archive.sana.sy\/es\/index.php?rest_route=\/wp\/v2\/types\/post"}],"author":[{"embeddable":true,"href":"https:\/\/archive.sana.sy\/es\/index.php?rest_route=\/wp\/v2\/users\/32"}],"replies":[{"embeddable":true,"href":"https:\/\/archive.sana.sy\/es\/index.php?rest_route=%2Fwp%2Fv2%2Fcomments&post=268157"}],"version-history":[{"count":0,"href":"https:\/\/archive.sana.sy\/es\/index.php?rest_route=\/wp\/v2\/posts\/268157\/revisions"}],"wp:featuredmedia":[{"embeddable":true,"href":"https:\/\/archive.sana.sy\/es\/index.php?rest_route=\/wp\/v2\/media\/268158"}],"wp:attachment":[{"href":"https:\/\/archive.sana.sy\/es\/index.php?rest_route=%2Fwp%2Fv2%2Fmedia&parent=268157"}],"wp:term":[{"taxonomy":"category","embeddable":true,"href":"https:\/\/archive.sana.sy\/es\/index.php?rest_route=%2Fwp%2Fv2%2Fcategories&post=268157"},{"taxonomy":"post_tag","embeddable":true,"href":"https:\/\/archive.sana.sy\/es\/index.php?rest_route=%2Fwp%2Fv2%2Ftags&post=268157"}],"curies":[{"name":"wp","href":"https:\/\/api.w.org\/{rel}","templated":true}]}}