{"id":268193,"date":"2023-01-01T14:33:18","date_gmt":"2023-01-01T12:33:18","guid":{"rendered":"http:\/\/107.6.182.27\/es\/?p=268193"},"modified":"2023-01-10T15:48:12","modified_gmt":"2023-01-10T13:48:12","slug":"ataque-masivo-ruso-destruye-instalaciones-militares-ucranianas-de-fabricacion-de-drones","status":"publish","type":"post","link":"https:\/\/archive.sana.sy\/es\/?p=268193","title":{"rendered":"Ataque masivo ruso destruye instalaciones militares ucranianas de fabricaci\u00f3n de drones"},"content":{"rendered":"<blockquote>\n<p style=\"text-align: justify;\"><strong>\u00a0&#8220;Almacenes de drones y lanzaderas de estos mismos tambi\u00e9n fueron objetivos golpeados tras los ataques&#8221;, precis\u00f3 el Ministerio de Defensa.<\/strong><\/p>\n<\/blockquote>\n<p style=\"text-align: justify;\"><span style=\"color: #800000;\"><strong>Mosc\u00fa, 1 en (SANA)\u00a0<\/strong> <\/span>\u00a0 \u00a0Las tropas rusas lanzaron un ataque masivo contra instalaciones de la industria de la defensa de Ucrania.<\/p>\n<p style=\"text-align: justify;\">El Ministerio de Defensa ruso inform\u00f3 que el ataque con misiles Calibre destruy\u00f3 instalaciones militares ucranianas de fabricaci\u00f3n de drones.<\/p>\n<p style=\"text-align: justify;\">&#8220;Almacenes de drones y lanzaderas de estos mismos tambi\u00e9n fueron objetivos golpeados tras los ataques&#8221;, precis\u00f3.<\/p>\n<p style=\"text-align: justify;\">Seg\u00fan el ente, esta acci\u00f3n frustr\u00f3 los planes de Kiev de llevar a cabo atentados terroristas contra Rusia.<\/p>\n<p style=\"text-align: justify;\">fm\/ed<\/p>\n","protected":false},"excerpt":{"rendered":"<p>\u00a0&#8220;Almacenes de drones y lanzaderas de estos mismos tambi\u00e9n fueron objetivos golpeados tras los ataques&#8221;, precis\u00f3 el Ministerio de Defensa. Mosc\u00fa, 1 en (SANA)\u00a0 \u00a0 \u00a0Las tropas rusas lanzaron un ataque masivo contra instalaciones de la industria de la defensa de Ucrania. El Ministerio de Defensa ruso inform\u00f3 que el ataque con misiles Calibre destruy\u00f3 &hellip;<\/p>\n","protected":false},"author":32,"featured_media":268196,"comment_status":"closed","ping_status":"closed","sticky":false,"template":"","format":"standard","meta":{"footnotes":""},"categories":[597,456,583],"tags":[],"class_list":["post-268193","post","type-post","status-publish","format-standard","has-post-thumbnail","","category-cinta-de-noticias","category-arabe-internacional-politica","category-slide"],"_links":{"self":[{"href":"https:\/\/archive.sana.sy\/es\/index.php?rest_route=\/wp\/v2\/posts\/268193"}],"collection":[{"href":"https:\/\/archive.sana.sy\/es\/index.php?rest_route=\/wp\/v2\/posts"}],"about":[{"href":"https:\/\/archive.sana.sy\/es\/index.php?rest_route=\/wp\/v2\/types\/post"}],"author":[{"embeddable":true,"href":"https:\/\/archive.sana.sy\/es\/index.php?rest_route=\/wp\/v2\/users\/32"}],"replies":[{"embeddable":true,"href":"https:\/\/archive.sana.sy\/es\/index.php?rest_route=%2Fwp%2Fv2%2Fcomments&post=268193"}],"version-history":[{"count":0,"href":"https:\/\/archive.sana.sy\/es\/index.php?rest_route=\/wp\/v2\/posts\/268193\/revisions"}],"wp:featuredmedia":[{"embeddable":true,"href":"https:\/\/archive.sana.sy\/es\/index.php?rest_route=\/wp\/v2\/media\/268196"}],"wp:attachment":[{"href":"https:\/\/archive.sana.sy\/es\/index.php?rest_route=%2Fwp%2Fv2%2Fmedia&parent=268193"}],"wp:term":[{"taxonomy":"category","embeddable":true,"href":"https:\/\/archive.sana.sy\/es\/index.php?rest_route=%2Fwp%2Fv2%2Fcategories&post=268193"},{"taxonomy":"post_tag","embeddable":true,"href":"https:\/\/archive.sana.sy\/es\/index.php?rest_route=%2Fwp%2Fv2%2Ftags&post=268193"}],"curies":[{"name":"wp","href":"https:\/\/api.w.org\/{rel}","templated":true}]}}