{"id":26820,"date":"2015-07-18T13:59:08","date_gmt":"2015-07-18T10:59:08","guid":{"rendered":"http:\/\/sana.sy\/es\/?p=26820"},"modified":"2015-07-18T14:01:50","modified_gmt":"2015-07-18T11:01:50","slug":"comunidad-siria-en-praga-reitera-su-apoyo-a-la-madre-patria-frente-al-terrorismo","status":"publish","type":"post","link":"https:\/\/archive.sana.sy\/es\/?p=26820","title":{"rendered":"Comunidad siria en Praga reitera su apoyo a la madre patria frente al terrorismo"},"content":{"rendered":"<p><span style=\"color: #800000\">Praga, SANA<\/span><\/p>\n<p>La comunidad siria y los estudiantes sirios en la Rep\u00fablica Checa reiteraron su apoyo a la madre patria bajo la batuta del presidente Bashar al-Assad.<\/p>\n<p>En un comunicado emitido con motivo de la fiesta de ayuno (Eid al-Fitr), la colectividad siria ratific\u00f3 su apoyo a la estrategia del Gobierno sirio de resolver la crisis siria mediante el di\u00e1logo, as\u00ed como denunciaron las salvajadas perpetradas por organizaciones terroristas respaldadas por Occidente, se\u00f1alando que todas las religiones rechazan estas acciones y abogan por la paz y tolerancia.<\/p>\n<p>La comunidad concluy\u00f3 el comunicado rindiendo homenaje a los grandes sacrificios ofrecidos por el ej\u00e9rcito y sus m\u00e1rtires para mantener la unidad y estabilidad de Siria.<\/p>\n<p>&nbsp;<\/p>\n<p>Lynn A.<\/p>\n","protected":false},"excerpt":{"rendered":"<p>Praga, SANA La comunidad siria y los estudiantes sirios en la Rep\u00fablica Checa reiteraron su apoyo a la madre patria bajo la batuta del presidente Bashar al-Assad. En un comunicado emitido con motivo de la fiesta de ayuno (Eid al-Fitr), la colectividad siria ratific\u00f3 su apoyo a la estrategia del Gobierno sirio de resolver la &hellip;<\/p>\n","protected":false},"author":24,"featured_media":26821,"comment_status":"closed","ping_status":"closed","sticky":false,"template":"","format":"standard","meta":{"footnotes":""},"categories":[1],"tags":[6025],"class_list":["post-26820","post","type-post","status-publish","format-standard","has-post-thumbnail","","category-news-not-sorted","tag-comunidad-siria-en-praga-reitera-su-apoyo-a-la-madre-patria-frente-al-terrorismo"],"_links":{"self":[{"href":"https:\/\/archive.sana.sy\/es\/index.php?rest_route=\/wp\/v2\/posts\/26820"}],"collection":[{"href":"https:\/\/archive.sana.sy\/es\/index.php?rest_route=\/wp\/v2\/posts"}],"about":[{"href":"https:\/\/archive.sana.sy\/es\/index.php?rest_route=\/wp\/v2\/types\/post"}],"author":[{"embeddable":true,"href":"https:\/\/archive.sana.sy\/es\/index.php?rest_route=\/wp\/v2\/users\/24"}],"replies":[{"embeddable":true,"href":"https:\/\/archive.sana.sy\/es\/index.php?rest_route=%2Fwp%2Fv2%2Fcomments&post=26820"}],"version-history":[{"count":0,"href":"https:\/\/archive.sana.sy\/es\/index.php?rest_route=\/wp\/v2\/posts\/26820\/revisions"}],"wp:featuredmedia":[{"embeddable":true,"href":"https:\/\/archive.sana.sy\/es\/index.php?rest_route=\/wp\/v2\/media\/26821"}],"wp:attachment":[{"href":"https:\/\/archive.sana.sy\/es\/index.php?rest_route=%2Fwp%2Fv2%2Fmedia&parent=26820"}],"wp:term":[{"taxonomy":"category","embeddable":true,"href":"https:\/\/archive.sana.sy\/es\/index.php?rest_route=%2Fwp%2Fv2%2Fcategories&post=26820"},{"taxonomy":"post_tag","embeddable":true,"href":"https:\/\/archive.sana.sy\/es\/index.php?rest_route=%2Fwp%2Fv2%2Ftags&post=26820"}],"curies":[{"name":"wp","href":"https:\/\/api.w.org\/{rel}","templated":true}]}}