{"id":268237,"date":"2023-01-02T05:25:51","date_gmt":"2023-01-02T03:25:51","guid":{"rendered":"http:\/\/107.6.182.27\/es\/?p=268237"},"modified":"2023-01-10T15:48:11","modified_gmt":"2023-01-10T13:48:11","slug":"no-mas-odio-hambre-noticias-falsas-armas-bombas-promete-lula","status":"publish","type":"post","link":"https:\/\/archive.sana.sy\/es\/?p=268237","title":{"rendered":"&#8220;No m\u00e1s odio, hambre, noticias falsas, armas, bombas&#8221;, promete Lula"},"content":{"rendered":"<blockquote>\n<p style=\"text-align: justify;\"><strong><span style=\"color: #993300;\">\u00abNo m\u00e1s odio, noticias falsas, armas y bombas\u00bb, dijo entre l\u00e1grimas el fundador del Partido de los Trabajadores despu\u00e9s de recibir la banda presidencial de manos de una representaci\u00f3n de la sociedad civil, ante la ausencia del derrotado mandatario de tendencia ultraderechista Jair Bolsonaro, quien viaj\u00f3 a Estados Unidos para pasar unas vacaciones en la ciudad de Orlando.<\/span><\/strong><\/p>\n<\/blockquote>\n<p style=\"text-align: justify;\"><span style=\"color: #800000;\"><strong>Brasilia, 2 ene (SANA)<\/strong> <\/span>El nuevo presidente de Brasil Luiz In\u00e1cio Lula da Silva prometi\u00f3 que desterrar\u00e1 el odio y las desigualdades, en su discurso pronunciado tras recibir la faja que lo convirti\u00f3 en el n\u00famero 39 jefe del Gobierno de Brasil, inform\u00f3 la agencia Prensa Latina.<\/p>\n<p>\u00abNo m\u00e1s odio, noticias falsas, armas y bombas\u00bb, dijo entre l\u00e1grimas el fundador del Partido de los Trabajadores despu\u00e9s de recibir la banda presidencial de manos de una representaci\u00f3n de la sociedad civil, ante la ausencia del derrotado mandatario de tendencia ultraderechista Jair Bolsonaro.<\/p>\n<p style=\"text-align: justify;\">El exmilitar declin\u00f3 entregar esa tira a Lula, como tradicionalmente ocurre en la ceremonia de investidura en el Palacio del Planalto, sede del Poder Ejecutivo y viaj\u00f3 a Estados Unidos el pasado viernes para pasar unas vacaciones en la ciudad de Orlando.<\/p>\n<p style=\"text-align: justify;\">Ante tal hecho, la tira fue colocada a Lula por una mujer negra, acompa\u00f1ada de otros siete representantes del pueblo: un ni\u00f1o, un hombre con discapacidad, un metal\u00fargico, un profesor, una cocinera, un artesano activista y un cacique ind\u00edgena.<\/p>\n<p style=\"text-align: justify;\">Despu\u00e9s de ese acto y ante unas 40 mil personas, el exdirigente obrero se\u00f1al\u00f3, en su segundo discurso de la jornada, que la \u00abvuelta del hambre es un crimen, el m\u00e1s grave de todos contra el pueblo brasile\u00f1o\u00bb.<\/p>\n<p style=\"text-align: justify;\">La calific\u00f3 de hija de la desigualdad, que es la madre de todos los males que atrasan Brasil.<\/p>\n<p style=\"text-align: justify;\">En otra parte de su lectura, el hijo de la clase obrera prometi\u00f3 combatir \u00abtodas las formas de desigualdades en nuestro pa\u00eds, de renta, de g\u00e9nero, de raza, en el mercado de trabajo, en la representaci\u00f3n pol\u00edtica, en la salud, en la educaci\u00f3n\u00bb.<\/p>\n<p style=\"text-align: justify;\">fm<\/p>\n","protected":false},"excerpt":{"rendered":"<p>\u00abNo m\u00e1s odio, noticias falsas, armas y bombas\u00bb, dijo entre l\u00e1grimas el fundador del Partido de los Trabajadores despu\u00e9s de recibir la banda presidencial de manos de una representaci\u00f3n de la sociedad civil, ante la ausencia del derrotado mandatario de tendencia ultraderechista Jair Bolsonaro, quien viaj\u00f3 a Estados Unidos para pasar unas vacaciones en la &hellip;<\/p>\n","protected":false},"author":34,"featured_media":268238,"comment_status":"closed","ping_status":"closed","sticky":false,"template":"","format":"standard","meta":{"footnotes":""},"categories":[597,456,20724,7541],"tags":[],"class_list":["post-268237","post","type-post","status-publish","format-standard","has-post-thumbnail","","category-cinta-de-noticias","category-arabe-internacional-politica","category-minuto-a-minuto","category-ultimas-noticias"],"_links":{"self":[{"href":"https:\/\/archive.sana.sy\/es\/index.php?rest_route=\/wp\/v2\/posts\/268237"}],"collection":[{"href":"https:\/\/archive.sana.sy\/es\/index.php?rest_route=\/wp\/v2\/posts"}],"about":[{"href":"https:\/\/archive.sana.sy\/es\/index.php?rest_route=\/wp\/v2\/types\/post"}],"author":[{"embeddable":true,"href":"https:\/\/archive.sana.sy\/es\/index.php?rest_route=\/wp\/v2\/users\/34"}],"replies":[{"embeddable":true,"href":"https:\/\/archive.sana.sy\/es\/index.php?rest_route=%2Fwp%2Fv2%2Fcomments&post=268237"}],"version-history":[{"count":0,"href":"https:\/\/archive.sana.sy\/es\/index.php?rest_route=\/wp\/v2\/posts\/268237\/revisions"}],"wp:featuredmedia":[{"embeddable":true,"href":"https:\/\/archive.sana.sy\/es\/index.php?rest_route=\/wp\/v2\/media\/268238"}],"wp:attachment":[{"href":"https:\/\/archive.sana.sy\/es\/index.php?rest_route=%2Fwp%2Fv2%2Fmedia&parent=268237"}],"wp:term":[{"taxonomy":"category","embeddable":true,"href":"https:\/\/archive.sana.sy\/es\/index.php?rest_route=%2Fwp%2Fv2%2Fcategories&post=268237"},{"taxonomy":"post_tag","embeddable":true,"href":"https:\/\/archive.sana.sy\/es\/index.php?rest_route=%2Fwp%2Fv2%2Ftags&post=268237"}],"curies":[{"name":"wp","href":"https:\/\/api.w.org\/{rel}","templated":true}]}}