{"id":268245,"date":"2023-01-02T08:45:45","date_gmt":"2023-01-02T06:45:45","guid":{"rendered":"http:\/\/107.6.182.27\/es\/?p=268245"},"modified":"2023-01-02T08:49:07","modified_gmt":"2023-01-02T06:49:07","slug":"misa-en-alepo-siria-por-la-paz-en-el-mundo-fotos","status":"publish","type":"post","link":"https:\/\/archive.sana.sy\/es\/?p=268245","title":{"rendered":"Misa en Alepo\/Siria por la paz en el mundo (+fotos)"},"content":{"rendered":"<blockquote>\n<p style=\"text-align: justify;\"><span style=\"color: #000000;\"><em><strong>\u201cCelebramos el D\u00eda Internacional de la Paz y esperamos que reine la paz en todo el mundo y que las bendecidas y la bondad acompa\u00f1en a todas las personas en Siria y todo el mundo, dijo el obispo Antoine Shahda, metropolitano de Alepo y sus dependencias de los cat\u00f3lico-sir\u00edacos.<\/strong><\/em><\/span><\/p>\n<\/blockquote>\n<p style=\"text-align: justify;\"><span style=\"color: #800000;\"><strong>Alepo, 2 ene (SANA)<\/strong><\/span> Una misa por la paz mundial se efectu\u00f3 en la Catedral Cat\u00f3lico-sir\u00edaca en la provincia norte\u00f1a siria de Alepo, a la que asistieron las m\u00e1ximas autoridades de las diferentes comunidades cristianas.<\/p>\n<p style=\"text-align: justify;\">La misa incluy\u00f3 oraciones, recitaciones y s\u00faplicas para que la paz reine en el mundo.<\/p>\n<p style=\"text-align: justify;\">\u201cCelebramos el D\u00eda Internacional de la Paz y esperamos que reine la paz en todo el mundo y que las bendecidas y la bondad acompa\u00f1en a todas las personas en Siria y todo el mundo, dijo el obispo Antoine Shahda, metropolitano de Alepo y sus dependencias de los cat\u00f3lico-sir\u00edacos.<\/p>\n<p style=\"text-align: justify;\">Esper\u00f3 que el 2023 sea un buen a\u00f1o para todos los sirios y que est\u00e9 lleno de esperanza, alegr\u00eda y delicias.<br \/>\nEn una declaraci\u00f3n a SANA, el arzobispo Boutros Marayati, jefe de la comunidad cat\u00f3lico-armenia en Alepo, dijo que, en el D\u00eda Internacional de la Paz, oramos y elevamos s\u00faplicas a Dios Todopoderoso para que conceda a Siria y el mundo entero, amor, fraternidad y paz.<\/p>\n<p style=\"text-align: justify;\">Tenemos fe en que la paz es un regalo divino para las personas, y debemos trabajar para lograr esta paz, dijo el obispo George Masri, metropolitano de Alepo para los Greco-cat\u00f3licos melquitas.<\/p>\n<p style=\"text-align: justify;\">fm\/as<\/p>\n<p style=\"text-align: justify;\"><img loading=\"lazy\" decoding=\"async\" class=\"alignnone size-medium wp-image-268246\" src=\"http:\/\/107.6.182.27\/es\/wp-content\/uploads\/2023\/01\/9-300x169.jpg\" alt=\"\" width=\"300\" height=\"169\" srcset=\"https:\/\/archive.sana.sy\/es\/wp-content\/uploads\/2023\/01\/9-300x169.jpg 300w, https:\/\/archive.sana.sy\/es\/wp-content\/uploads\/2023\/01\/9-150x84.jpg 150w, https:\/\/archive.sana.sy\/es\/wp-content\/uploads\/2023\/01\/9.jpg 660w\" sizes=\"(max-width: 300px) 100vw, 300px\" \/><img loading=\"lazy\" decoding=\"async\" class=\"alignnone size-medium wp-image-268247\" src=\"http:\/\/107.6.182.27\/es\/wp-content\/uploads\/2023\/01\/8-300x169.jpg\" alt=\"\" width=\"300\" height=\"169\" srcset=\"https:\/\/archive.sana.sy\/es\/wp-content\/uploads\/2023\/01\/8-300x169.jpg 300w, https:\/\/archive.sana.sy\/es\/wp-content\/uploads\/2023\/01\/8-150x84.jpg 150w, https:\/\/archive.sana.sy\/es\/wp-content\/uploads\/2023\/01\/8.jpg 660w\" sizes=\"(max-width: 300px) 100vw, 300px\" \/><img loading=\"lazy\" decoding=\"async\" class=\"alignnone size-medium wp-image-268248\" src=\"http:\/\/107.6.182.27\/es\/wp-content\/uploads\/2023\/01\/10-300x168.jpg\" alt=\"\" width=\"300\" height=\"168\" srcset=\"https:\/\/archive.sana.sy\/es\/wp-content\/uploads\/2023\/01\/10-300x168.jpg 300w, https:\/\/archive.sana.sy\/es\/wp-content\/uploads\/2023\/01\/10-150x84.jpg 150w, https:\/\/archive.sana.sy\/es\/wp-content\/uploads\/2023\/01\/10.jpg 660w\" sizes=\"(max-width: 300px) 100vw, 300px\" \/><\/p>\n","protected":false},"excerpt":{"rendered":"<p>\u201cCelebramos el D\u00eda Internacional de la Paz y esperamos que reine la paz en todo el mundo y que las bendecidas y la bondad acompa\u00f1en a todas las personas en Siria y todo el mundo, dijo el obispo Antoine Shahda, metropolitano de Alepo y sus dependencias de los cat\u00f3lico-sir\u00edacos. Alepo, 2 ene (SANA) Una misa &hellip;<\/p>\n","protected":false},"author":42,"featured_media":268251,"comment_status":"closed","ping_status":"closed","sticky":false,"template":"","format":"standard","meta":{"footnotes":""},"categories":[447,477,597,20724,476,583],"tags":[],"class_list":["post-268245","post","type-post","status-publish","format-standard","has-post-thumbnail","","category-local-politica","category-noticias-edulcorantes","category-cinta-de-noticias","category-minuto-a-minuto","category-locales","category-slide"],"_links":{"self":[{"href":"https:\/\/archive.sana.sy\/es\/index.php?rest_route=\/wp\/v2\/posts\/268245"}],"collection":[{"href":"https:\/\/archive.sana.sy\/es\/index.php?rest_route=\/wp\/v2\/posts"}],"about":[{"href":"https:\/\/archive.sana.sy\/es\/index.php?rest_route=\/wp\/v2\/types\/post"}],"author":[{"embeddable":true,"href":"https:\/\/archive.sana.sy\/es\/index.php?rest_route=\/wp\/v2\/users\/42"}],"replies":[{"embeddable":true,"href":"https:\/\/archive.sana.sy\/es\/index.php?rest_route=%2Fwp%2Fv2%2Fcomments&post=268245"}],"version-history":[{"count":0,"href":"https:\/\/archive.sana.sy\/es\/index.php?rest_route=\/wp\/v2\/posts\/268245\/revisions"}],"wp:featuredmedia":[{"embeddable":true,"href":"https:\/\/archive.sana.sy\/es\/index.php?rest_route=\/wp\/v2\/media\/268251"}],"wp:attachment":[{"href":"https:\/\/archive.sana.sy\/es\/index.php?rest_route=%2Fwp%2Fv2%2Fmedia&parent=268245"}],"wp:term":[{"taxonomy":"category","embeddable":true,"href":"https:\/\/archive.sana.sy\/es\/index.php?rest_route=%2Fwp%2Fv2%2Fcategories&post=268245"},{"taxonomy":"post_tag","embeddable":true,"href":"https:\/\/archive.sana.sy\/es\/index.php?rest_route=%2Fwp%2Fv2%2Ftags&post=268245"}],"curies":[{"name":"wp","href":"https:\/\/api.w.org\/{rel}","templated":true}]}}