{"id":268252,"date":"2023-01-02T10:04:45","date_gmt":"2023-01-02T08:04:45","guid":{"rendered":"http:\/\/107.6.182.27\/es\/?p=268252"},"modified":"2023-01-02T10:08:13","modified_gmt":"2023-01-02T08:08:13","slug":"aeropuerto-internacional-de-damasco-reanuda-sus-operaciones-aereas-tras-sufrir-una-agresion-israeli","status":"publish","type":"post","link":"https:\/\/archive.sana.sy\/es\/?p=268252","title":{"rendered":"Aeropuerto Internacional de Damasco reanuda sus operaciones a\u00e9reas tras sufrir una agresi\u00f3n israel\u00ed"},"content":{"rendered":"<blockquote>\n<p style=\"text-align: justify;\"><span style=\"color: #ff0000;\"><strong>Nuestro personal, en cooperaci\u00f3n con las autoridades e instituciones pertinentes, removieron los da\u00f1os causados por la agresi\u00f3n israel\u00ed, y comenzaron a reparar los da\u00f1os y poner en servicio el aeropuerto, indic\u00f3 el Ministerio en un comunicado.<\/strong><\/span><\/p>\n<\/blockquote>\n<p style=\"text-align: justify;\"><span style=\"color: #800000;\"><strong>Damasco, 2 ene (SANA)<\/strong><\/span> El Ministerio de Transporte de Siria anunci\u00f3 hoy que el Aeropuerto Internacional de Damasco volvi\u00f3 a funcionar y los vuelos se reanudaron a partir de las 09:00 am hora local.<\/p>\n<p style=\"text-align: justify;\">Nuestro personal, en cooperaci\u00f3n con las autoridades e instituciones pertinentes, removieron los da\u00f1os causados por la agresi\u00f3n israel\u00ed, y comenzaron a reparar los da\u00f1os y poner en servicio el aeropuerto, indic\u00f3 el Ministerio en un comunicado.<\/p>\n<p style=\"text-align: justify;\">Agreg\u00f3 que contin\u00faan las operaciones de reparaci\u00f3n en otros sitios da\u00f1ados.<\/p>\n<p style=\"text-align: justify;\">Llamamos a las l\u00edneas a\u00e9reas nacionales a coordinar sus horarios de vuelo por el aeropuerto, a partir de hoy, 09:00 am, y atender a los pasajeros, precis\u00f3 el comunicado.<\/p>\n<p style=\"text-align: justify;\">El Aeropuerto Internacional de Damasco, ubicado a unos 30 kil\u00f3metros al este de esta capital, sali\u00f3 de servicio hoy tras ser blanco de una agresi\u00f3n israel\u00ed con misiles.<\/p>\n<p style=\"text-align: justify;\">El aeropuerto hab\u00eda suspendido sus operaciones por un ataque ocurrido el d\u00eda 10 de junio de 2022 cuando \u201cIsrael\u201d bombarde\u00f3 las pistas de aterrizaje.<\/p>\n<p style=\"text-align: justify;\"><em><strong>fm\/ws<\/strong><\/em><\/p>\n","protected":false},"excerpt":{"rendered":"<p>Nuestro personal, en cooperaci\u00f3n con las autoridades e instituciones pertinentes, removieron los da\u00f1os causados por la agresi\u00f3n israel\u00ed, y comenzaron a reparar los da\u00f1os y poner en servicio el aeropuerto, indic\u00f3 el Ministerio en un comunicado. Damasco, 2 ene (SANA) El Ministerio de Transporte de Siria anunci\u00f3 hoy que el Aeropuerto Internacional de Damasco volvi\u00f3 &hellip;<\/p>\n","protected":false},"author":35,"featured_media":268253,"comment_status":"closed","ping_status":"closed","sticky":false,"template":"","format":"standard","meta":{"footnotes":""},"categories":[447,477,597,20724,476,583],"tags":[],"class_list":["post-268252","post","type-post","status-publish","format-standard","has-post-thumbnail","","category-local-politica","category-noticias-edulcorantes","category-cinta-de-noticias","category-minuto-a-minuto","category-locales","category-slide"],"_links":{"self":[{"href":"https:\/\/archive.sana.sy\/es\/index.php?rest_route=\/wp\/v2\/posts\/268252"}],"collection":[{"href":"https:\/\/archive.sana.sy\/es\/index.php?rest_route=\/wp\/v2\/posts"}],"about":[{"href":"https:\/\/archive.sana.sy\/es\/index.php?rest_route=\/wp\/v2\/types\/post"}],"author":[{"embeddable":true,"href":"https:\/\/archive.sana.sy\/es\/index.php?rest_route=\/wp\/v2\/users\/35"}],"replies":[{"embeddable":true,"href":"https:\/\/archive.sana.sy\/es\/index.php?rest_route=%2Fwp%2Fv2%2Fcomments&post=268252"}],"version-history":[{"count":0,"href":"https:\/\/archive.sana.sy\/es\/index.php?rest_route=\/wp\/v2\/posts\/268252\/revisions"}],"wp:featuredmedia":[{"embeddable":true,"href":"https:\/\/archive.sana.sy\/es\/index.php?rest_route=\/wp\/v2\/media\/268253"}],"wp:attachment":[{"href":"https:\/\/archive.sana.sy\/es\/index.php?rest_route=%2Fwp%2Fv2%2Fmedia&parent=268252"}],"wp:term":[{"taxonomy":"category","embeddable":true,"href":"https:\/\/archive.sana.sy\/es\/index.php?rest_route=%2Fwp%2Fv2%2Fcategories&post=268252"},{"taxonomy":"post_tag","embeddable":true,"href":"https:\/\/archive.sana.sy\/es\/index.php?rest_route=%2Fwp%2Fv2%2Ftags&post=268252"}],"curies":[{"name":"wp","href":"https:\/\/api.w.org\/{rel}","templated":true}]}}