{"id":268257,"date":"2023-01-02T11:37:36","date_gmt":"2023-01-02T08:37:36","guid":{"rendered":"http:\/\/107.6.182.27\/es\/?p=268257"},"modified":"2023-03-24T20:32:31","modified_gmt":"2023-03-24T17:32:31","slug":"parlamentario-checo-la-crisis-de-ucrania-confirmo-la-realidad-de-la-dependencia-europea-de-america","status":"publish","type":"post","link":"https:\/\/archive.sana.sy\/es\/?p=268257","title":{"rendered":"Parlamentario checo: La crisis de Ucrania confirm\u00f3 la realidad de la dependencia europea de Am\u00e9rica"},"content":{"rendered":"<p style=\"text-align: justify;\"><span style=\"color: #800000;\"><strong>Praga, 01 ene (SANA) <\/strong><\/span>El miembro de la C\u00e1mara de Representantes checa, Jaroslav Voldina, afirm\u00f3 que la guerra en Ucrania mostr\u00f3 el grado de dependencia europea de Estados Unidos.<\/p>\n<p style=\"text-align: justify;\">Los c\u00edrculos econ\u00f3micos, financieros y autoritarios de Estados Unidos est\u00e1n dispuestos a sacrificar la vida de innumerables personas para prolongar la hegemon\u00eda estadounidense en el mundo, dijo en una entrevista con el sitio web Parliamentary Papers.<\/p>\n<p style=\"text-align: justify;\">Voldina consider\u00f3 que Occidente firm\u00f3 los acuerdos de Minsk para ganar tiempo para armar a Ucrania, en lugar de llegar a una soluci\u00f3n pac\u00edfica.<\/p>\n<p style=\"text-align: justify;\">as\/fm<\/p>\n","protected":false},"excerpt":{"rendered":"<p>Praga, 01 ene (SANA) El miembro de la C\u00e1mara de Representantes checa, Jaroslav Voldina, afirm\u00f3 que la guerra en Ucrania mostr\u00f3 el grado de dependencia europea de Estados Unidos. Los c\u00edrculos econ\u00f3micos, financieros y autoritarios de Estados Unidos est\u00e1n dispuestos a sacrificar la vida de innumerables personas para prolongar la hegemon\u00eda estadounidense en el mundo, &hellip;<\/p>\n","protected":false},"author":42,"featured_media":268258,"comment_status":"closed","ping_status":"closed","sticky":false,"template":"","format":"standard","meta":{"footnotes":""},"categories":[597,456,7541],"tags":[],"class_list":["post-268257","post","type-post","status-publish","format-standard","has-post-thumbnail","","category-cinta-de-noticias","category-arabe-internacional-politica","category-ultimas-noticias"],"_links":{"self":[{"href":"https:\/\/archive.sana.sy\/es\/index.php?rest_route=\/wp\/v2\/posts\/268257"}],"collection":[{"href":"https:\/\/archive.sana.sy\/es\/index.php?rest_route=\/wp\/v2\/posts"}],"about":[{"href":"https:\/\/archive.sana.sy\/es\/index.php?rest_route=\/wp\/v2\/types\/post"}],"author":[{"embeddable":true,"href":"https:\/\/archive.sana.sy\/es\/index.php?rest_route=\/wp\/v2\/users\/42"}],"replies":[{"embeddable":true,"href":"https:\/\/archive.sana.sy\/es\/index.php?rest_route=%2Fwp%2Fv2%2Fcomments&post=268257"}],"version-history":[{"count":1,"href":"https:\/\/archive.sana.sy\/es\/index.php?rest_route=\/wp\/v2\/posts\/268257\/revisions"}],"predecessor-version":[{"id":292005,"href":"https:\/\/archive.sana.sy\/es\/index.php?rest_route=\/wp\/v2\/posts\/268257\/revisions\/292005"}],"wp:featuredmedia":[{"embeddable":true,"href":"https:\/\/archive.sana.sy\/es\/index.php?rest_route=\/wp\/v2\/media\/268258"}],"wp:attachment":[{"href":"https:\/\/archive.sana.sy\/es\/index.php?rest_route=%2Fwp%2Fv2%2Fmedia&parent=268257"}],"wp:term":[{"taxonomy":"category","embeddable":true,"href":"https:\/\/archive.sana.sy\/es\/index.php?rest_route=%2Fwp%2Fv2%2Fcategories&post=268257"},{"taxonomy":"post_tag","embeddable":true,"href":"https:\/\/archive.sana.sy\/es\/index.php?rest_route=%2Fwp%2Fv2%2Ftags&post=268257"}],"curies":[{"name":"wp","href":"https:\/\/api.w.org\/{rel}","templated":true}]}}