{"id":268260,"date":"2023-01-02T11:57:43","date_gmt":"2023-01-02T09:57:43","guid":{"rendered":"http:\/\/107.6.182.27\/es\/?p=268260"},"modified":"2023-01-10T15:48:11","modified_gmt":"2023-01-10T13:48:11","slug":"china-eeuu-desinformo-la-opinion-publica-tras-incidente-aereo-sobre-el-mar-de-china-meridional","status":"publish","type":"post","link":"https:\/\/archive.sana.sy\/es\/?p=268260","title":{"rendered":"China: EEUU desinform\u00f3 a la opini\u00f3n p\u00fablica tras incidente a\u00e9reo sobre el Mar de China Meridional"},"content":{"rendered":"<blockquote>\n<p style=\"text-align: justify;\"><strong><span style=\"color: #ff0000;\">El portavoz del Ministerio de Defensa de China, Tian Zhulin, dijo que el Comando del Indo-Pac\u00edfico de EE.UU. viol\u00f3 el derecho internacional sin tener en cuenta las repetidas advertencias de China e hizo acercamientos peligrosos que amenazaron la seguridad de los aviones chinos.<\/span><\/strong><\/p>\n<\/blockquote>\n<p style=\"text-align: justify;\"><span style=\"color: #800000;\"><strong>Pek\u00edn, 2 ene (SANA)\u00a0<\/strong><\/span> El Ministerio de Defensa chino inform\u00f3 hoy que Estados Unidos distorsion\u00f3 los hechos tras el reciente incidente entre un caza chino y un avi\u00f3n de espionaje estadounidense cerca de las Islas Paracel en el Mar de China Meridional.<\/p>\n<p style=\"text-align: justify;\">Seg\u00fan un comunicado del Ministerio, una confrontaci\u00f3n a\u00e9rea se produje entre un avi\u00f3n militar estadounidense y otras aeronaves chinas la semana pasada sobre las aguas del Mar del Sur, lo que puso en riesgo la vida de los pilotos chinos.<\/p>\n<p style=\"text-align: justify;\">El ej\u00e9rcito estadounidense inform\u00f3 que un avi\u00f3n de combate chino se acerc\u00f3 a 6 metros de un avi\u00f3n estadounidense lo que oblig\u00f3 a la Fuerza A\u00e9rea de los EE.UU. a realizar maniobras evasivas para impedir la colisi\u00f3n.<\/p>\n<p style=\"text-align: justify;\">El portavoz del Ministerio de Defensa de China, Tian Zhulin, dijo que el Comando del Indo-Pac\u00edfico de EE.UU. viol\u00f3 el derecho internacional sin tener en cuenta las repetidas advertencias de China e hizo acercamientos peligrosos que amenazaron la seguridad de los aviones chinos.<\/p>\n<p style=\"text-align: justify;\"><em><strong>ws\/fm<\/strong><\/em><\/p>\n","protected":false},"excerpt":{"rendered":"<p>El portavoz del Ministerio de Defensa de China, Tian Zhulin, dijo que el Comando del Indo-Pac\u00edfico de EE.UU. viol\u00f3 el derecho internacional sin tener en cuenta las repetidas advertencias de China e hizo acercamientos peligrosos que amenazaron la seguridad de los aviones chinos. Pek\u00edn, 2 ene (SANA)\u00a0 El Ministerio de Defensa chino inform\u00f3 hoy que &hellip;<\/p>\n","protected":false},"author":35,"featured_media":268264,"comment_status":"closed","ping_status":"closed","sticky":false,"template":"","format":"standard","meta":{"footnotes":""},"categories":[597,456,20724,7541],"tags":[],"class_list":["post-268260","post","type-post","status-publish","format-standard","has-post-thumbnail","","category-cinta-de-noticias","category-arabe-internacional-politica","category-minuto-a-minuto","category-ultimas-noticias"],"_links":{"self":[{"href":"https:\/\/archive.sana.sy\/es\/index.php?rest_route=\/wp\/v2\/posts\/268260"}],"collection":[{"href":"https:\/\/archive.sana.sy\/es\/index.php?rest_route=\/wp\/v2\/posts"}],"about":[{"href":"https:\/\/archive.sana.sy\/es\/index.php?rest_route=\/wp\/v2\/types\/post"}],"author":[{"embeddable":true,"href":"https:\/\/archive.sana.sy\/es\/index.php?rest_route=\/wp\/v2\/users\/35"}],"replies":[{"embeddable":true,"href":"https:\/\/archive.sana.sy\/es\/index.php?rest_route=%2Fwp%2Fv2%2Fcomments&post=268260"}],"version-history":[{"count":0,"href":"https:\/\/archive.sana.sy\/es\/index.php?rest_route=\/wp\/v2\/posts\/268260\/revisions"}],"wp:featuredmedia":[{"embeddable":true,"href":"https:\/\/archive.sana.sy\/es\/index.php?rest_route=\/wp\/v2\/media\/268264"}],"wp:attachment":[{"href":"https:\/\/archive.sana.sy\/es\/index.php?rest_route=%2Fwp%2Fv2%2Fmedia&parent=268260"}],"wp:term":[{"taxonomy":"category","embeddable":true,"href":"https:\/\/archive.sana.sy\/es\/index.php?rest_route=%2Fwp%2Fv2%2Fcategories&post=268260"},{"taxonomy":"post_tag","embeddable":true,"href":"https:\/\/archive.sana.sy\/es\/index.php?rest_route=%2Fwp%2Fv2%2Ftags&post=268260"}],"curies":[{"name":"wp","href":"https:\/\/api.w.org\/{rel}","templated":true}]}}