{"id":268276,"date":"2023-01-02T13:57:11","date_gmt":"2023-01-02T11:57:11","guid":{"rendered":"http:\/\/107.6.182.27\/es\/?p=268276"},"modified":"2023-01-02T14:12:59","modified_gmt":"2023-01-02T12:12:59","slug":"mueren-armados-de-la-milicia-proestadounidense-fds-en-ataque-armado-en-raqa","status":"publish","type":"post","link":"https:\/\/archive.sana.sy\/es\/?p=268276","title":{"rendered":"Mueren armados de la milicia proestadounidense FDS en ataque armado en Raqa"},"content":{"rendered":"<p style=\"text-align: justify;\"><span style=\"color: #800000;\"><strong>Raqa, 2 ene (SANA) <\/strong><\/span>Varios armados de la milicia separatista proestadounidense Fuerzas Democr\u00e1ticas Sirias (FDS), murieron y otros resultaron heridos en un ataque en el norte de la ciudad de Raqa.<\/p>\n<p style=\"text-align: justify;\">La acci\u00f3n fue llevada a cabo por armados no identificadas que abrieron el fuego de sus ametralladoras contra un veh\u00edculo militar de FDS en la carretera que une las localidades de Tal al-Samen y Ain Issa en la zona rural norte de Raqa, seg\u00fan informaron activistas locales.<\/p>\n<p style=\"text-align: justify;\">Las fuentes se\u00f1alaron que \u201clos integrantes de esta formaci\u00f3n ilegal impusieron un cord\u00f3n de seguridad en la zona, e iniciaron una campa\u00f1a de b\u00fasqueda de los atacantes\u201d.<\/p>\n<p style=\"text-align: justify;\">mm\/fm<\/p>\n","protected":false},"excerpt":{"rendered":"<p>Raqa, 2 ene (SANA) Varios armados de la milicia separatista proestadounidense Fuerzas Democr\u00e1ticas Sirias (FDS), murieron y otros resultaron heridos en un ataque en el norte de la ciudad de Raqa. La acci\u00f3n fue llevada a cabo por armados no identificadas que abrieron el fuego de sus ametralladoras contra un veh\u00edculo militar de FDS en &hellip;<\/p>\n","protected":false},"author":36,"featured_media":268277,"comment_status":"closed","ping_status":"closed","sticky":false,"template":"","format":"standard","meta":{"footnotes":""},"categories":[597,20724,7541],"tags":[],"class_list":["post-268276","post","type-post","status-publish","format-standard","has-post-thumbnail","","category-cinta-de-noticias","category-minuto-a-minuto","category-ultimas-noticias"],"_links":{"self":[{"href":"https:\/\/archive.sana.sy\/es\/index.php?rest_route=\/wp\/v2\/posts\/268276"}],"collection":[{"href":"https:\/\/archive.sana.sy\/es\/index.php?rest_route=\/wp\/v2\/posts"}],"about":[{"href":"https:\/\/archive.sana.sy\/es\/index.php?rest_route=\/wp\/v2\/types\/post"}],"author":[{"embeddable":true,"href":"https:\/\/archive.sana.sy\/es\/index.php?rest_route=\/wp\/v2\/users\/36"}],"replies":[{"embeddable":true,"href":"https:\/\/archive.sana.sy\/es\/index.php?rest_route=%2Fwp%2Fv2%2Fcomments&post=268276"}],"version-history":[{"count":0,"href":"https:\/\/archive.sana.sy\/es\/index.php?rest_route=\/wp\/v2\/posts\/268276\/revisions"}],"wp:featuredmedia":[{"embeddable":true,"href":"https:\/\/archive.sana.sy\/es\/index.php?rest_route=\/wp\/v2\/media\/268277"}],"wp:attachment":[{"href":"https:\/\/archive.sana.sy\/es\/index.php?rest_route=%2Fwp%2Fv2%2Fmedia&parent=268276"}],"wp:term":[{"taxonomy":"category","embeddable":true,"href":"https:\/\/archive.sana.sy\/es\/index.php?rest_route=%2Fwp%2Fv2%2Fcategories&post=268276"},{"taxonomy":"post_tag","embeddable":true,"href":"https:\/\/archive.sana.sy\/es\/index.php?rest_route=%2Fwp%2Fv2%2Ftags&post=268276"}],"curies":[{"name":"wp","href":"https:\/\/api.w.org\/{rel}","templated":true}]}}