{"id":268304,"date":"2023-01-02T19:38:56","date_gmt":"2023-01-02T17:38:56","guid":{"rendered":"http:\/\/107.6.182.27\/es\/?p=268304"},"modified":"2023-01-02T19:46:35","modified_gmt":"2023-01-02T17:46:35","slug":"siria-protesta-ante-la-onu-por-continuos-ataques-israelies-y-pide-que-israel-rinda-cuentas","status":"publish","type":"post","link":"https:\/\/archive.sana.sy\/es\/?p=268304","title":{"rendered":"Siria protesta ante la ONU por continuos ataques israel\u00edes, y pide que \u201cIsrael\u201d rinda cuentas"},"content":{"rendered":"<blockquote><p><span style=\"color: #ff6600;\"><strong>\u201cLas autoridades de ocupaci\u00f3n israel\u00edes no habr\u00edan continuado estos cr\u00edmenes si no fuera por el paraguas de impunidad proporcionado por la administraci\u00f3n estadounidense y sus aliados\u201d<\/strong><\/span><\/p><\/blockquote>\n<p style=\"text-align: justify;\"><span style=\"color: #800000;\"><strong>Damasco, 02 ene (SANA)<\/strong><\/span> El Ministerio de Asuntos Exteriores y Expatriados declar\u00f3 que la agresi\u00f3n israel\u00ed ocurrida este lunes contra el Aeropuerto Internacional de Damasco es parte del sangriento historial de Israel lleno de actos agresivos y violaciones de la Ley Internacional y la Carta de las Naciones Unidas.<\/p>\n<p style=\"text-align: justify;\">En dos cartas enviadas al Secretario General de las Naciones Unidas y al Presidente del Consejo de Seguridad, la Canciller\u00eda reiter\u00f3 su llamamiento al Consejo de Seguridad y a las Naciones Unidas para que condenen estos cr\u00edmenes y adopten medidas urgentes para garantizar que Israel rinda cuentas por los mismos, as\u00ed como sancionar a los responsables e impedir que repitan tales cr\u00edmenes.<\/p>\n<p style=\"text-align: justify;\">\u201cMientras los pueblos del mundo celebran la Navidad y el A\u00f1o Nuevo, y esperan un a\u00f1o en el que las crisis disminuyan y prevalezcan la paz, la prosperidad y la estabilidad, Israel agreg\u00f3 una nueva agresi\u00f3n a su historial lleno de agresiones y violaciones del derecho internacional y la Carta de las Naciones Unidas\u201d, afirm\u00f3 el texto de las dos misivas.<\/p>\n<p style=\"text-align: justify;\">Agreg\u00f3 que esta acci\u00f3n se suma a los cr\u00edmenes y ataques israel\u00edes directos contra Siria, mientras el pueblo sirio est\u00e1 firme y comprometido a defender su soberan\u00eda, unidad e integridad territorial y se niega a la injerencia en sus asuntos internos.<\/p>\n<p style=\"text-align: justify;\">\u201cLa agresi\u00f3n sionista se produjo tres d\u00edas despu\u00e9s de un ataque de los terroristas de Daesh contra trabajadores del yacimiento petrolero Al-Taim en Deir Ezzor, lo que demuestra la coordinaci\u00f3n entre los israel\u00edes y los terroristas de Daesh, y la estrecha relaci\u00f3n entre ellos\u201d, destac\u00f3 el Ministerio.<\/p>\n<p style=\"text-align: justify;\">Se\u00f1al\u00f3 que este ataque israel\u00ed contra instalaciones e infraestructura civiles no es el primero de su tipo, ya que las fuerzas de ocupaci\u00f3n israel\u00edes atacaron previamente los aeropuertos internacionales de Damasco y Alepo, y causaron su salida de servicio y la interrupci\u00f3n de la navegaci\u00f3n a\u00e9rea civil, incluido el movimiento de un avi\u00f3n de las Naciones Unidas designado para el transporte de ayuda y trabajo humanitario.<\/p>\n<p style=\"text-align: justify;\">Precis\u00f3 que los ataques israel\u00edes perpetrados el 28 de diciembre de 2021 afectaron el puerto civil comercial de Latakia, lo que provoc\u00f3 graves da\u00f1os en las instalaciones portuarias, los contenedores y una ayuda perteneciente a las organizaciones de las Naciones Unidas activas en Siria.<\/p>\n<p style=\"text-align: justify;\">\u201cSiria condena este ataque israel\u00ed contra instalaciones y estructuras civiles, lo califica de terrorista y una amenaza a las vidas inocentes y la seguridad del transporte a\u00e9reo civil internacional, lo cual constituye una violaci\u00f3n flagrante de la Ley Internacional, el derecho internacional humanitario y los derechos humanos, y una amenaza directa a la paz y la seguridad regionales\u201d, fustig\u00f3 la Canciller\u00eda.<\/p>\n<p style=\"text-align: justify;\">Canciller\u00eda siria concluy\u00f3 sus misivas a la ONU con asegurar que \u201clas autoridades de ocupaci\u00f3n israel\u00edes no habr\u00edan continuado estos cr\u00edmenes si no fuera por el paraguas de impunidad proporcionado por la administraci\u00f3n estadounidense y sus aliados.<\/p>\n<p style=\"text-align: justify;\"><em><strong>ah\/fm<\/strong><\/em><\/p>\n","protected":false},"excerpt":{"rendered":"<p>\u201cLas autoridades de ocupaci\u00f3n israel\u00edes no habr\u00edan continuado estos cr\u00edmenes si no fuera por el paraguas de impunidad proporcionado por la administraci\u00f3n estadounidense y sus aliados\u201d Damasco, 02 ene (SANA) El Ministerio de Asuntos Exteriores y Expatriados declar\u00f3 que la agresi\u00f3n israel\u00ed ocurrida este lunes contra el Aeropuerto Internacional de Damasco es parte del sangriento &hellip;<\/p>\n","protected":false},"author":30,"featured_media":268308,"comment_status":"closed","ping_status":"closed","sticky":false,"template":"","format":"standard","meta":{"footnotes":""},"categories":[477,597,573,20724,476,457,583],"tags":[],"class_list":["post-268304","post","type-post","status-publish","format-standard","has-post-thumbnail","","category-noticias-edulcorantes","category-cinta-de-noticias","category-la-realidad-de-los-acontecimientos-en-siria","category-minuto-a-minuto","category-locales","category-noticias-arabe-internacional-politica","category-slide"],"_links":{"self":[{"href":"https:\/\/archive.sana.sy\/es\/index.php?rest_route=\/wp\/v2\/posts\/268304"}],"collection":[{"href":"https:\/\/archive.sana.sy\/es\/index.php?rest_route=\/wp\/v2\/posts"}],"about":[{"href":"https:\/\/archive.sana.sy\/es\/index.php?rest_route=\/wp\/v2\/types\/post"}],"author":[{"embeddable":true,"href":"https:\/\/archive.sana.sy\/es\/index.php?rest_route=\/wp\/v2\/users\/30"}],"replies":[{"embeddable":true,"href":"https:\/\/archive.sana.sy\/es\/index.php?rest_route=%2Fwp%2Fv2%2Fcomments&post=268304"}],"version-history":[{"count":0,"href":"https:\/\/archive.sana.sy\/es\/index.php?rest_route=\/wp\/v2\/posts\/268304\/revisions"}],"wp:featuredmedia":[{"embeddable":true,"href":"https:\/\/archive.sana.sy\/es\/index.php?rest_route=\/wp\/v2\/media\/268308"}],"wp:attachment":[{"href":"https:\/\/archive.sana.sy\/es\/index.php?rest_route=%2Fwp%2Fv2%2Fmedia&parent=268304"}],"wp:term":[{"taxonomy":"category","embeddable":true,"href":"https:\/\/archive.sana.sy\/es\/index.php?rest_route=%2Fwp%2Fv2%2Fcategories&post=268304"},{"taxonomy":"post_tag","embeddable":true,"href":"https:\/\/archive.sana.sy\/es\/index.php?rest_route=%2Fwp%2Fv2%2Ftags&post=268304"}],"curies":[{"name":"wp","href":"https:\/\/api.w.org\/{rel}","templated":true}]}}